{"id":10776,"date":"2019-10-01T11:32:55","date_gmt":"2019-10-01T09:32:55","guid":{"rendered":"http:\/\/www.pr-nord.de\/newsroom\/?p=10776"},"modified":"2020-05-18T15:02:05","modified_gmt":"2020-05-18T13:02:05","slug":"neuer-bio-innenputz-einer-fuer-alles","status":"publish","type":"post","link":"https:\/\/www.pr-neu.de\/newsroom\/neuer-bio-innenputz-einer-fuer-alles\/","title":{"rendered":"Neuer Bio-Innenputz: Einer f\u00fcr alles"},"content":{"rendered":"<p><u>\u00d6kologisch, wirtschaftlich, rationell:\u00a0\u00a0<\/u><u>Neuer S\u00fcdwest \u201eBio-InnenPutz\u201c<\/u><\/p>\n<p><strong>Optimiert bei Verarbeitung, Schimmelschutz, \u00d6kologie und Gestaltungsfreiheit: Damit ist der neue \u201eBio-InnenPutz\u201c von S\u00fcdwest ein Putz f\u00fcr alle Anwendungen in Innenr\u00e4umen \u2013 ohne Konservierungsstoffe, L\u00f6semittel und Weichmacher. Er vereint die positiven Eigen\u00adschaften von Dispersions-Putzen mit den Vorteilen silikatischer Beschichtungen. Es gibt zudem den neuen Spritzputz \u201eBio-DekorPutz F.<\/strong><\/p>\n<p>Schadstoffe in der Raumluft \u2013 das will niemand. Umso sorgf\u00e4ltiger ist zu pr\u00fcfen, was ins Zimmer kommt. F\u00fcr Wand und Decke bietet S\u00fcdwest (B\u00f6hl-Iggelheim) schon seit langem Beschichtungen ohne Konservierungsstoffe, L\u00f6se\u00admittel und Weichmacher an. Neben den bew\u00e4hrten Farben sind jetzt ein neuer, universell einsetzbarer Putz und ein neuer dekorativer Spritzputz im Programm.<\/p>\n<p><strong>Bio-InnenPutz: \u00d6kologisch, wirtschaftlich, rationell<\/strong><\/p>\n<p>Der neue Bio-InnenPutz vereint die Vorteile von Dispersions-Putzen mit den positiven Eigenschaften silikatischer Beschichtungen. Das Resultat: Ein Putz f\u00fcr alle Anwen\u00addungen. Er eignet sich f\u00fcr alle Innenr\u00e4ume und \u00fcberzeugt mit einfacher Verarbeitung, Schimmelschutz, vorbildlicher \u00d6ko\u00adlogie und h\u00f6chster Gestaltungsfreiheit. Mit diesem breiten Einsatzspektrum ersetzt der neue Putz seine Vorg\u00e4nger \u201eKH-InnenPutz MP\u201c, \u201eKH-InnenPutz\u201c und \u201eSIL-InnenPutz\u201c. Somit m\u00fcssen im Lager des H\u00e4ndlers oder des Verarbeiters nicht mehr drei unterschiedlichen Putze bevorratet werden.<\/p>\n<p>Die neue Rezeptur erf\u00fcllt besonders hohe Anspr\u00fcche an die Umweltvertr\u00e4glichkeit. \u201eBio-InnenPutz\u201c verzichtet komplett auf Konservierungsmittel und auf bekannte allergie\u00adausl\u00f6senden Inhaltsstoffe, ist emissions\u00adarm, weichmacher- und l\u00f6semittelfrei. Die Anwendung in Innenr\u00e4umen ist also auch dann ideal, wenn im Hinblick auf die Nutzer eine erh\u00f6hte Sensibilit\u00e4t zu ber\u00fccksichtigen ist, beispielsweise f\u00fcr Kinderzimmer, Krankenh\u00e4user oder Altersheime.<\/p>\n<p>F\u00fcr Verarbeiter lohnt sich die Arbeit mit dem Putz, da er sich schnell und sicher auftragen l\u00e4sst \u2013 besonders rationell auch mit dem Spritzger\u00e4t. Kreative Ideen haben es einfach: Mit den g\u00e4ngigen Korngr\u00f6\u00dfen f\u00fcr Strukturen, Kratzputz, Rille und Modellierputz sind sie schnell umgesetzt. Dem Hand\u00adwerker sind somit keine Grenzen gesetzt. Aufgrund des hohen Wei\u00dfgrads und der guten T\u00f6nbarkeit kommt die freie Farbwahl als positive Eigenschaft hinzu. Bio-InnenPutz basiert auf einer silikatischen Rezeptur. Damit bietet er die Eigenschaften einer mineralischen Beschichtung: feuchte\u00adregulierend und alkalisch \u2013 das wiederum sorgt f\u00fcr ausge\u00adglichene Raumluftfeuchte und einen nat\u00fcrlichen Schimmel-schutz ohne chemische Mittel.<\/p>\n<p>Der ebenfalls neue Bio-DekorPutz F verf\u00fcgt \u00fcber dieselben \u00f6kologischen, umweltvertr\u00e4glichen Eigenschaften. Er ist so formuliert, dass er als Spritzputz eingesetzt werden kann.<\/p>\n<p><strong>Passendes Finish <\/strong><\/p>\n<p>Mit den Innenfarben \u201eBio-InnenSilikat\u201c und \u201eSilikat TopIn\u201c bietet S\u00fcdwest die passende Schlussbeschichtung. Die stumpfmatte \u201eBio-InnenSilikat\u201c ist f\u00fcr stark beanspruchte Fl\u00e4chen entwickelt und best\u00e4ndig gegen Fl\u00e4chendesinfek\u00adtionsmittel. \u201eSilikatTopIn\u201c ist zus\u00e4tzlich extrem matt und schafft ebenm\u00e4\u00dfig glatte Fl\u00e4chen auch bei Streiflicht. Beide Farben erf\u00fcllen strenge Anforderungen an Gesundheit und Umwelt und sind natureplus-zertifiziert.<\/p>\n<hr \/>\n<p><a href=\"http:\/\/www.pr-neu.de\/newsroom\/wordpress\/wp-content\/uploads\/2019\/10\/19-15-BioProdukte_G.jpg\"><img loading=\"lazy\" decoding=\"async\" class=\"size-medium wp-image-10779 aligncenter\" src=\"http:\/\/www.pr-neu.de\/newsroom\/wordpress\/wp-content\/uploads\/2019\/10\/19-15-BioProdukte_G-300x201.jpg\" alt=\"\" width=\"300\" height=\"201\" srcset=\"https:\/\/www.pr-neu.de\/newsroom\/wordpress\/wp-content\/uploads\/2019\/10\/19-15-BioProdukte_G-300x201.jpg 300w, https:\/\/www.pr-neu.de\/newsroom\/wordpress\/wp-content\/uploads\/2019\/10\/19-15-BioProdukte_G-768x516.jpg 768w, https:\/\/www.pr-neu.de\/newsroom\/wordpress\/wp-content\/uploads\/2019\/10\/19-15-BioProdukte_G-1024x687.jpg 1024w, https:\/\/www.pr-neu.de\/newsroom\/wordpress\/wp-content\/uploads\/2019\/10\/19-15-BioProdukte_G-110x74.jpg 110w, https:\/\/www.pr-neu.de\/newsroom\/wordpress\/wp-content\/uploads\/2019\/10\/19-15-BioProdukte_G-420x282.jpg 420w, https:\/\/www.pr-neu.de\/newsroom\/wordpress\/wp-content\/uploads\/2019\/10\/19-15-BioProdukte_G-641x430.jpg 641w, https:\/\/www.pr-neu.de\/newsroom\/wordpress\/wp-content\/uploads\/2019\/10\/19-15-BioProdukte_G.jpg 1795w\" sizes=\"auto, (max-width: 300px) 100vw, 300px\" \/><\/a><\/p>\n<p><a href=\"http:\/\/www.pr-neu.de\/newsroom\/wordpress\/wp-content\/uploads\/2019\/10\/19-15-Bio-InnenPutz_Gebinde_G.jpg\"><img loading=\"lazy\" decoding=\"async\" class=\"size-medium wp-image-10778 aligncenter\" src=\"http:\/\/www.pr-neu.de\/newsroom\/wordpress\/wp-content\/uploads\/2019\/10\/19-15-Bio-InnenPutz_Gebinde_G-300x201.jpg\" alt=\"\" width=\"300\" height=\"201\" srcset=\"https:\/\/www.pr-neu.de\/newsroom\/wordpress\/wp-content\/uploads\/2019\/10\/19-15-Bio-InnenPutz_Gebinde_G-300x201.jpg 300w, https:\/\/www.pr-neu.de\/newsroom\/wordpress\/wp-content\/uploads\/2019\/10\/19-15-Bio-InnenPutz_Gebinde_G-768x516.jpg 768w, https:\/\/www.pr-neu.de\/newsroom\/wordpress\/wp-content\/uploads\/2019\/10\/19-15-Bio-InnenPutz_Gebinde_G-1024x687.jpg 1024w, https:\/\/www.pr-neu.de\/newsroom\/wordpress\/wp-content\/uploads\/2019\/10\/19-15-Bio-InnenPutz_Gebinde_G-110x74.jpg 110w, https:\/\/www.pr-neu.de\/newsroom\/wordpress\/wp-content\/uploads\/2019\/10\/19-15-Bio-InnenPutz_Gebinde_G-420x282.jpg 420w, https:\/\/www.pr-neu.de\/newsroom\/wordpress\/wp-content\/uploads\/2019\/10\/19-15-Bio-InnenPutz_Gebinde_G-641x430.jpg 641w, https:\/\/www.pr-neu.de\/newsroom\/wordpress\/wp-content\/uploads\/2019\/10\/19-15-Bio-InnenPutz_Gebinde_G.jpg 1795w\" sizes=\"auto, (max-width: 300px) 100vw, 300px\" \/><\/a><\/p>\n<p style=\"text-align: center;\">Den neuen S\u00fcdwest \u201eBio-InnenPutz\u201c gibt es als Kratz-\/ Rillenputz und als Modellierputz, hinzu kommt der \u201eBio-DekorPutz F\u201c als Spritzputz.<\/p>\n<p style=\"text-align: center;\">Bilder: S\u00fcdwest<\/p>\n<p><a href=\"http:\/\/www.pr-neu.de\/newsroom\/wordpress\/wp-content\/uploads\/2019\/10\/19-15-PutzWand_G.jpg\"><img loading=\"lazy\" decoding=\"async\" class=\"aligncenter size-medium wp-image-10780\" src=\"http:\/\/www.pr-neu.de\/newsroom\/wordpress\/wp-content\/uploads\/2019\/10\/19-15-PutzWand_G-300x201.jpg\" alt=\"\" width=\"300\" height=\"201\" srcset=\"https:\/\/www.pr-neu.de\/newsroom\/wordpress\/wp-content\/uploads\/2019\/10\/19-15-PutzWand_G-300x201.jpg 300w, https:\/\/www.pr-neu.de\/newsroom\/wordpress\/wp-content\/uploads\/2019\/10\/19-15-PutzWand_G-768x516.jpg 768w, https:\/\/www.pr-neu.de\/newsroom\/wordpress\/wp-content\/uploads\/2019\/10\/19-15-PutzWand_G-1024x687.jpg 1024w, https:\/\/www.pr-neu.de\/newsroom\/wordpress\/wp-content\/uploads\/2019\/10\/19-15-PutzWand_G-110x74.jpg 110w, https:\/\/www.pr-neu.de\/newsroom\/wordpress\/wp-content\/uploads\/2019\/10\/19-15-PutzWand_G-420x282.jpg 420w, https:\/\/www.pr-neu.de\/newsroom\/wordpress\/wp-content\/uploads\/2019\/10\/19-15-PutzWand_G-641x430.jpg 641w, https:\/\/www.pr-neu.de\/newsroom\/wordpress\/wp-content\/uploads\/2019\/10\/19-15-PutzWand_G.jpg 1795w\" sizes=\"auto, (max-width: 300px) 100vw, 300px\" \/><\/a><\/p>\n<p style=\"text-align: center;\">Vor allem in Innenr\u00e4umen sollten umweltvertr\u00e4gliche Produkte eingesetzt werden.<\/p>\n<p style=\"text-align: center;\">Bild: istock<\/p>\n<hr \/>\n<p>Abdruck honorarfrei, Belegexemplar erbeten<\/p>\n","protected":false},"excerpt":{"rendered":"<p>\u00d6kologisch, wirtschaftlich, rationell:\u00a0\u00a0Neuer S\u00fcdwest \u201eBio-InnenPutz\u201c Optimiert bei Verarbeitung, Schimmelschutz, \u00d6kologie und Gestaltungsfreiheit: Damit ist der neue \u201eBio-InnenPutz\u201c von S\u00fcdwest ein Putz f\u00fcr alle Anwendungen in Innenr\u00e4umen \u2013 ohne Konservierungsstoffe, L\u00f6semittel und Weichmacher. Er vereint die positiven Eigen\u00adschaften von Dispersions-Putzen mit den Vorteilen silikatischer Beschichtungen. Es gibt zudem den neuen Spritzputz \u201eBio-DekorPutz F. Schadstoffe in der [&hellip;]<\/p>\n","protected":false},"author":6,"featured_media":10780,"comment_status":"closed","ping_status":"open","sticky":false,"template":"","format":"standard","meta":{"footnotes":""},"categories":[17],"tags":[],"class_list":["post-10776","post","type-post","status-publish","format-standard","has-post-thumbnail","hentry","category-sudwest"],"_links":{"self":[{"href":"https:\/\/www.pr-neu.de\/newsroom\/wp-json\/wp\/v2\/posts\/10776","targetHints":{"allow":["GET"]}}],"collection":[{"href":"https:\/\/www.pr-neu.de\/newsroom\/wp-json\/wp\/v2\/posts"}],"about":[{"href":"https:\/\/www.pr-neu.de\/newsroom\/wp-json\/wp\/v2\/types\/post"}],"author":[{"embeddable":true,"href":"https:\/\/www.pr-neu.de\/newsroom\/wp-json\/wp\/v2\/users\/6"}],"replies":[{"embeddable":true,"href":"https:\/\/www.pr-neu.de\/newsroom\/wp-json\/wp\/v2\/comments?post=10776"}],"version-history":[{"count":12,"href":"https:\/\/www.pr-neu.de\/newsroom\/wp-json\/wp\/v2\/posts\/10776\/revisions"}],"predecessor-version":[{"id":11490,"href":"https:\/\/www.pr-neu.de\/newsroom\/wp-json\/wp\/v2\/posts\/10776\/revisions\/11490"}],"wp:featuredmedia":[{"embeddable":true,"href":"https:\/\/www.pr-neu.de\/newsroom\/wp-json\/wp\/v2\/media\/10780"}],"wp:attachment":[{"href":"https:\/\/www.pr-neu.de\/newsroom\/wp-json\/wp\/v2\/media?parent=10776"}],"wp:term":[{"taxonomy":"category","embeddable":true,"href":"https:\/\/www.pr-neu.de\/newsroom\/wp-json\/wp\/v2\/categories?post=10776"},{"taxonomy":"post_tag","embeddable":true,"href":"https:\/\/www.pr-neu.de\/newsroom\/wp-json\/wp\/v2\/tags?post=10776"}],"curies":[{"name":"wp","href":"https:\/\/api.w.org\/{rel}","templated":true}]}}