{"id":1077,"date":"2012-02-23T16:44:27","date_gmt":"2012-02-23T15:44:27","guid":{"rendered":"http:\/\/www.pr-nord.de\/newsroom\/?p=1077"},"modified":"2020-05-29T08:42:26","modified_gmt":"2020-05-29T06:42:26","slug":"workshop-architekturfotografie","status":"publish","type":"post","link":"https:\/\/www.pr-neu.de\/newsroom\/workshop-architekturfotografie\/","title":{"rendered":"Workshop Architekturfotografie"},"content":{"rendered":"<table border=\"0\" width=\"520\" cellspacing=\"0\" cellpadding=\"0\">\n<tbody>\n<tr>\n<td><u> StoDesign Forum: 16. bis 19. Mai, Barcelona<\/u><\/p>\n<p><strong>Workshop Architekturfotografie<\/strong><\/p>\n<p><strong>Architektur fotografieren lernen in der katalanischen Metropole Barcelona an herausragenden Bauwerken, u.a. von Gaud\u00ed, Herzog &amp; de Meuron, Mies van der Rohe, Perrault, Nouvel, Jordi Badia, Dom\u00e8nech i Montaner: Das bietet das StoDesign Forum. Es findet vom 16. bis 19. Mai unter der fachlichen Leitung der Fotografin Lucia Degonda statt. Neben Architekturf\u00fchrungen und Fotosessions stehen auch Referate und Analysen der Bilder auf dem Programm. Weitere Infos und Anmeldung \u00fcber <a href=\"http:\/\/www.stodesign.de\">www.stodesign.de<\/a><\/strong><\/p>\n<p>Barcelona ist eine selbstbewusste Stadt mit einem eigenen Flair. Es ist die Heimat von Antonio Gaud\u00ed (und seiner Sagrada Familia) und die vieler weiterer Bauwerke international renommierter Architekten. Futuristische Bauten bilden eine nat\u00fcrliche, ausgewogene Erg\u00e4nzung zu der mittelalterlichen Struktur der Stadt, sie st\u00f6ren nicht, sondern bilden vielmehr eine einzigartige Harmonie.<\/p>\n<p>In diesem Umfeld bietet StoDesign eine viert\u00e4gige Exkursion mit dem Schwerpunkt Architekturfotografie.<\/p>\n<p>Die F\u00fchrungen und Fotosessions f\u00fchren unter anderem zu<br \/>\n\u2022 Pavell\u00f3 Mies van der Rohe (Weltausstellung 1929)<br \/>\n\u2022 Museum Casa Casamarona &#8211; Caixa Forum (Josep Puig i Cadafalch, 1911 \/ Arata Isozaki, 2002)<br \/>\n\u2022 Edificio F\u00f3rum (Herzog &amp; de Meuron, 2004)<br \/>\n\u2022 Explanada F\u00f3rum (J.A. Martinez Lape\u00f1a \/ El\u00edas Torres, 2004)<br \/>\n\u2022 Torre Telefonica (Enric Massip Bosch, 2011)<br \/>\n\u2022 MediaPro Tower (Carlos Ferrater \/ UPF \/ MBM Arquitectos, 2008)<br \/>\n\u2022 The Media TIC (Enric Ruiz + Cloud 9, 2010)<br \/>\n\u2022 Museo Can Framis &#8211; Fundaci\u00f3 Vilacasas (BAAS Arquitectos \/ Jordi Badia, 2009)<br \/>\n\u2022 Torre Hotel ME (Dominique Perrault, 2008)<br \/>\n\u2022 Torre AGBAR (Jean Nouvel \/ B 720 \/ Brufau Obiol Moya, 2003)<br \/>\n\u2022 Santa Maria del Mar (1329 &#8211; 1384)<br \/>\n\u2022 Picasso Museum (J. Garces &amp; J. Sorria, 1981 &#8211; 1986 \/ 1996 &#8211; 2000)<br \/>\n\u2022 Mercado Santa Caterina (EMBT Enric Miralles &amp; Benedetta Tagliabue, 2005)<br \/>\n\u2022 Palau de la Musica Catalana (Ll. Dom\u00e8nech i Montaner, 1908 \/ O. Tusquets, 2005)<br \/>\n\u2022 Museu d\u2019Art Contemporani &#8211; MACBA (Richard Meier, 1995)<br \/>\n\u2022 Centre de Cultura Contempor\u00e0nia de Barcelona &#8211; CCCB (Pi\u00f1on &amp; Viaplana, 1994)<br \/>\n\u2022 Casa Battl\u00f3 (Antonio Gaud\u00ed, 1910)<br \/>\n\u2022 Fundaci\u00f3 Antoni T\u00e0pies (Llu\u00eds Dom\u00e8nech i Montaner, 1885)<br \/>\n\u2022 Casa Mil\u00e0 &#8211; La Pedrera (Antonio Gaud\u00ed, 1910)<\/p>\n<p>Lucia Degonda, erfahrene Architektur-Fotografin aus der Schweiz, leitet diesen Workshop und referiert \u00fcber verschiedene Aspekte des Arbeitens mit der Kamera. In mehreren Runden werden zudem die am Tag aufgenommenen Bilder analysiert. Architektonisch begleitet wird diese Tour von Ulrich K\u00f6lle, einem deutschen Architekten, der seit vielen Jahren in Barcelona lebt und arbeitet.<\/p>\n<p>Die Architektenkammern NRW, Hessen und Brandenburg erkennen das Forum als Weiterbildung an. Das vollst\u00e4ndige Programm steht im Internet unter www.stodesign.de<\/p>\n<hr noshade=\"noshade\" size=\"1\" \/>\n<p><strong>StoDesign Forum<\/strong><\/p>\n<p><strong>Workshop Architektur-Fotografie \/ 16. &#8211; 19. Mai 2012<\/strong><br \/>\nFlug (Frankfurt &#8211; Barcelona \u2013 Frankfurt), Hotel, Transfers, tw. Verpflegung, Fotosessions und F\u00fchrungen (gem. Programm).<br \/>\n995 Euro + MWSt (EZ) \/ 895 Euro + MWSt (p.P. DZ).<\/p>\n<p><strong>Anmeldung: <\/strong><br \/>\nStoDesign, Ehrenbachstr. 1, 79780 St\u00fchlingen<br \/>\nUlrike Sch\u00fcrmann, Tel.: +49 \/ 7744 \/ 57-1229 \/ Fax: -2229<br \/>\n&#117;&#x2e;&#x73;&#99;&#x68;&#x75;e&#x72;&#x6d;a&#110;&#x6e;&#64;&#115;&#x74;o&#101;&#x75;&#46;&#99;&#x6f;m, www.stodesign.de.<\/p>\n<hr noshade=\"noshade\" size=\"1\" \/>\n<p>Abdruck honorarfrei, Belegexemplar erbeten<\/p>\n<p>&nbsp;<\/td>\n<\/tr>\n<tr>\n<td><\/td>\n<\/tr>\n<\/tbody>\n<\/table>\n<table border=\"0\" width=\"95{ab9cb22b1639c68dfef7c1751c9d63405358944ce3964465eb35eb6b5b6beaaa}\">\n<tbody>\n<tr>\n<td>\n<div class=\"addthis_toolbox addthis_default_style\"><\/div>\n<p>&nbsp;<\/td>\n<\/tr>\n<\/tbody>\n<\/table>\n","protected":false},"excerpt":{"rendered":"<p>StoDesign Forum: 16. bis 19. Mai, Barcelona Workshop Architekturfotografie Architektur fotografieren lernen in der katalanischen Metropole Barcelona an herausragenden Bauwerken, u.a. von Gaud\u00ed, Herzog &amp; de Meuron, Mies van der Rohe, Perrault, Nouvel, Jordi Badia, Dom\u00e8nech i Montaner: Das bietet das StoDesign Forum. Es findet vom 16. bis 19. Mai unter der fachlichen Leitung der [&hellip;]<\/p>\n","protected":false},"author":6,"featured_media":0,"comment_status":"closed","ping_status":"open","sticky":false,"template":"","format":"standard","meta":{"footnotes":""},"categories":[3,15],"tags":[],"class_list":["post-1077","post","type-post","status-publish","format-standard","hentry","category-kundenmeldungen","category-sto"],"_links":{"self":[{"href":"https:\/\/www.pr-neu.de\/newsroom\/wp-json\/wp\/v2\/posts\/1077","targetHints":{"allow":["GET"]}}],"collection":[{"href":"https:\/\/www.pr-neu.de\/newsroom\/wp-json\/wp\/v2\/posts"}],"about":[{"href":"https:\/\/www.pr-neu.de\/newsroom\/wp-json\/wp\/v2\/types\/post"}],"author":[{"embeddable":true,"href":"https:\/\/www.pr-neu.de\/newsroom\/wp-json\/wp\/v2\/users\/6"}],"replies":[{"embeddable":true,"href":"https:\/\/www.pr-neu.de\/newsroom\/wp-json\/wp\/v2\/comments?post=1077"}],"version-history":[{"count":3,"href":"https:\/\/www.pr-neu.de\/newsroom\/wp-json\/wp\/v2\/posts\/1077\/revisions"}],"predecessor-version":[{"id":13288,"href":"https:\/\/www.pr-neu.de\/newsroom\/wp-json\/wp\/v2\/posts\/1077\/revisions\/13288"}],"wp:attachment":[{"href":"https:\/\/www.pr-neu.de\/newsroom\/wp-json\/wp\/v2\/media?parent=1077"}],"wp:term":[{"taxonomy":"category","embeddable":true,"href":"https:\/\/www.pr-neu.de\/newsroom\/wp-json\/wp\/v2\/categories?post=1077"},{"taxonomy":"post_tag","embeddable":true,"href":"https:\/\/www.pr-neu.de\/newsroom\/wp-json\/wp\/v2\/tags?post=1077"}],"curies":[{"name":"wp","href":"https:\/\/api.w.org\/{rel}","templated":true}]}}