{"id":10757,"date":"2019-09-23T08:00:17","date_gmt":"2019-09-23T06:00:17","guid":{"rendered":"http:\/\/www.pr-nord.de\/newsroom\/?p=10757"},"modified":"2020-05-19T08:38:13","modified_gmt":"2020-05-19T06:38:13","slug":"know-how-zuwachs-bei-hanno","status":"publish","type":"post","link":"https:\/\/www.pr-neu.de\/newsroom\/know-how-zuwachs-bei-hanno\/","title":{"rendered":"Know-How-Zuwachs bei Hanno"},"content":{"rendered":"<p><u>Ift Montagepraxis: Hanno als Experten gelistet<\/u><\/p>\n<p>Als Spezialist f\u00fcr Fugenabdichtungen und L\u00e4rmschutz ist es dem Dichtungsbandhersteller Hanno ein besonderes Anliegen, dass aktuelles und professionelles Praxiswissen der Abdichtungsbranche den direkten Weg in das Unternehmen finden. Mit der Weiterbildung von Mitarbeiterin Kerstin Weiler (Vertrieb Anwendungstechnik) zur \u201eift-Montagefachkraft f\u00fcr Fenster und Au\u00dfent\u00fcren\u201c ist dieser Br\u00fcckenschlag einmal mehr gelungen.<\/p>\n<p>Als eine von zehn Teilnehmern erweiterte und vertiefte Weiler ihr Wissen in der Montagepraxis. Die Inhalte der Weiterbildung reichten von \u00a0Befestigung und Befestigungssystemen, der \u00a0Anwendung von Bauphysik und Detailplanung bis hin zur Montagepraxis von Abdichtungssystemen. In diesem Zuge konnte sich Hanno als Hersteller neben qualifizierten Handwerks-Betrieben einen Platz auf der \u201eFirmenliste f\u00fcr Montageexperten\u201c sichern. Hanno unterstreicht somit seine Expertise in der Montagepraxis und seine N\u00e4he zum Handwerk und dem aktuellen Branchenwissen.<\/p>\n<hr \/>\n<p><a href=\"http:\/\/www.pr-neu.de\/newsroom\/wordpress\/wp-content\/uploads\/2019\/09\/19-11_weiler_quadratisch_G.jpg\" target=\"_blank\" rel=\"noopener noreferrer\"><img loading=\"lazy\" decoding=\"async\" class=\"aligncenter wp-image-10772 size-medium\" src=\"http:\/\/www.pr-neu.de\/newsroom\/wordpress\/wp-content\/uploads\/2019\/09\/19-11_weiler_quadratisch_G-300x300.jpg\" alt=\"\" width=\"300\" height=\"300\" srcset=\"https:\/\/www.pr-neu.de\/newsroom\/wordpress\/wp-content\/uploads\/2019\/09\/19-11_weiler_quadratisch_G-300x300.jpg 300w, https:\/\/www.pr-neu.de\/newsroom\/wordpress\/wp-content\/uploads\/2019\/09\/19-11_weiler_quadratisch_G-150x150.jpg 150w, https:\/\/www.pr-neu.de\/newsroom\/wordpress\/wp-content\/uploads\/2019\/09\/19-11_weiler_quadratisch_G-768x769.jpg 768w, https:\/\/www.pr-neu.de\/newsroom\/wordpress\/wp-content\/uploads\/2019\/09\/19-11_weiler_quadratisch_G-1024x1024.jpg 1024w, https:\/\/www.pr-neu.de\/newsroom\/wordpress\/wp-content\/uploads\/2019\/09\/19-11_weiler_quadratisch_G-250x250.jpg 250w, https:\/\/www.pr-neu.de\/newsroom\/wordpress\/wp-content\/uploads\/2019\/09\/19-11_weiler_quadratisch_G-125x125.jpg 125w, https:\/\/www.pr-neu.de\/newsroom\/wordpress\/wp-content\/uploads\/2019\/09\/19-11_weiler_quadratisch_G-110x110.jpg 110w, https:\/\/www.pr-neu.de\/newsroom\/wordpress\/wp-content\/uploads\/2019\/09\/19-11_weiler_quadratisch_G-420x420.jpg 420w, https:\/\/www.pr-neu.de\/newsroom\/wordpress\/wp-content\/uploads\/2019\/09\/19-11_weiler_quadratisch_G-430x430.jpg 430w, https:\/\/www.pr-neu.de\/newsroom\/wordpress\/wp-content\/uploads\/2019\/09\/19-11_weiler_quadratisch_G.jpg 1480w\" sizes=\"auto, (max-width: 300px) 100vw, 300px\" \/><\/a><\/p>\n<p style=\"text-align: center;\">Kerstin Weiler, Vertrieb Anwendungstechnik, bestand die Pr\u00fcfung zur \u201eift-Montagefachkraft f\u00fcr Fenster und Au\u00dfent\u00fcren\u201c mit der Note &#8218;gut\u00b4.<\/p>\n<p style=\"text-align: center;\">Bild: Hanno Werk GmbH &amp; Co. KG<\/p>\n<hr \/>\n<p>Abdruck honorarfrei, Belegexemplar erbeten<\/p>\n","protected":false},"excerpt":{"rendered":"<p>Ift Montagepraxis: Hanno als Experten gelistet Als Spezialist f\u00fcr Fugenabdichtungen und L\u00e4rmschutz ist es dem Dichtungsbandhersteller Hanno ein besonderes Anliegen, dass aktuelles und professionelles Praxiswissen der Abdichtungsbranche den direkten Weg in das Unternehmen finden. Mit der Weiterbildung von Mitarbeiterin Kerstin Weiler (Vertrieb Anwendungstechnik) zur \u201eift-Montagefachkraft f\u00fcr Fenster und Au\u00dfent\u00fcren\u201c ist dieser Br\u00fcckenschlag einmal mehr gelungen. [&hellip;]<\/p>\n","protected":false},"author":6,"featured_media":10772,"comment_status":"closed","ping_status":"open","sticky":false,"template":"","format":"standard","meta":{"footnotes":""},"categories":[655],"tags":[],"class_list":["post-10757","post","type-post","status-publish","format-standard","has-post-thumbnail","hentry","category-hanno"],"_links":{"self":[{"href":"https:\/\/www.pr-neu.de\/newsroom\/wp-json\/wp\/v2\/posts\/10757","targetHints":{"allow":["GET"]}}],"collection":[{"href":"https:\/\/www.pr-neu.de\/newsroom\/wp-json\/wp\/v2\/posts"}],"about":[{"href":"https:\/\/www.pr-neu.de\/newsroom\/wp-json\/wp\/v2\/types\/post"}],"author":[{"embeddable":true,"href":"https:\/\/www.pr-neu.de\/newsroom\/wp-json\/wp\/v2\/users\/6"}],"replies":[{"embeddable":true,"href":"https:\/\/www.pr-neu.de\/newsroom\/wp-json\/wp\/v2\/comments?post=10757"}],"version-history":[{"count":5,"href":"https:\/\/www.pr-neu.de\/newsroom\/wp-json\/wp\/v2\/posts\/10757\/revisions"}],"predecessor-version":[{"id":11576,"href":"https:\/\/www.pr-neu.de\/newsroom\/wp-json\/wp\/v2\/posts\/10757\/revisions\/11576"}],"wp:featuredmedia":[{"embeddable":true,"href":"https:\/\/www.pr-neu.de\/newsroom\/wp-json\/wp\/v2\/media\/10772"}],"wp:attachment":[{"href":"https:\/\/www.pr-neu.de\/newsroom\/wp-json\/wp\/v2\/media?parent=10757"}],"wp:term":[{"taxonomy":"category","embeddable":true,"href":"https:\/\/www.pr-neu.de\/newsroom\/wp-json\/wp\/v2\/categories?post=10757"},{"taxonomy":"post_tag","embeddable":true,"href":"https:\/\/www.pr-neu.de\/newsroom\/wp-json\/wp\/v2\/tags?post=10757"}],"curies":[{"name":"wp","href":"https:\/\/api.w.org\/{rel}","templated":true}]}}