{"id":10734,"date":"2019-09-16T08:00:09","date_gmt":"2019-09-16T06:00:09","guid":{"rendered":"http:\/\/www.pr-nord.de\/newsroom\/?p=10734"},"modified":"2020-05-19T08:49:22","modified_gmt":"2020-05-19T06:49:22","slug":"grosses-schaffen","status":"publish","type":"post","link":"https:\/\/www.pr-neu.de\/newsroom\/grosses-schaffen\/","title":{"rendered":"Gro\u00dfes schaffen"},"content":{"rendered":"<p><u>sedak: Azubis starten Ausbildung zum Flachglastechnologen<\/u><\/p>\n<p>F\u00fcnf Nachwuchskr\u00e4fte haben im September bei sedak in Gersthofen ihre Ausbildung gestartet. Vier von Ihnen haben sich damit f\u00fcr einen besonderen Beruf entschieden: Schon die Ausbildung zum Flach\u00adglastechnologen ist nur an wenigen Standorten m\u00f6glich, bei sedak arbeiten die Azubis sogar an den gr\u00f6\u00dften Fassadengl\u00e4ser der Welt. Daf\u00fcr begeistern sich nun David Illige, Ilias Tsatsouras, Sebastian Gaier und Umut \u00d6zkan (v.l.n.r.), vervollst\u00e4ndigt vom angehenden Industriekaufmann Oktay Yagci (2.v.r.). Bei sedak tragen sie von Anfang an Verantwortung und sind eingebunden in die Arbeit f\u00fcr spektakul\u00e4re Bauwerke. Vor allem die Dimension der Gl\u00e4ser beeindruckt, auch die angehenden Flachglastechnologen \u2013 bis zu 20 Meter lang und mehrere Tonnen schwer kann ein Glas sein. \u201eBei uns werden sie also bestimmt Gro\u00dfes schaffen\u201c, sagt Ausbildungs\u00adbetreuer Tino Stoll. \u201eVom ersten Tag erleben unsere neuen Kollege au\u00dferdem, dass sie dazu geh\u00f6ren \u2013 und selbst ein Team sind.\u201c sedak k\u00fcmmert sich intensiv darum, den Fachkr\u00e4ftemangel im eigenen Haus gar nicht erst aufkommen zu lassen. Stoll: \u201eWir stellen Betreib und Beruf vor dem Ausbildungsstart an unserem \u201aAzubi-Tag\u2018 vor und betreuen unsere jungen Mitarbeiter \u00fcber die gesamte Zeit. So sichern wir den qualifizierten Nachwuchs.\u201c<\/p>\n<hr \/>\n<p style=\"text-align: center;\"><a href=\"http:\/\/www.pr-neu.de\/newsroom\/wordpress\/wp-content\/uploads\/2019\/09\/19-10_sedak-Azubis_G.jpg\"><img loading=\"lazy\" decoding=\"async\" class=\"size-medium wp-image-10736\" src=\"http:\/\/www.pr-neu.de\/newsroom\/wordpress\/wp-content\/uploads\/2019\/09\/19-10_sedak-Azubis_G-300x200.jpg\" alt=\"\" width=\"300\" height=\"200\" srcset=\"https:\/\/www.pr-neu.de\/newsroom\/wordpress\/wp-content\/uploads\/2019\/09\/19-10_sedak-Azubis_G-300x200.jpg 300w, https:\/\/www.pr-neu.de\/newsroom\/wordpress\/wp-content\/uploads\/2019\/09\/19-10_sedak-Azubis_G-768x512.jpg 768w, https:\/\/www.pr-neu.de\/newsroom\/wordpress\/wp-content\/uploads\/2019\/09\/19-10_sedak-Azubis_G-1024x683.jpg 1024w, https:\/\/www.pr-neu.de\/newsroom\/wordpress\/wp-content\/uploads\/2019\/09\/19-10_sedak-Azubis_G-110x73.jpg 110w, https:\/\/www.pr-neu.de\/newsroom\/wordpress\/wp-content\/uploads\/2019\/09\/19-10_sedak-Azubis_G-420x280.jpg 420w, https:\/\/www.pr-neu.de\/newsroom\/wordpress\/wp-content\/uploads\/2019\/09\/19-10_sedak-Azubis_G-645x430.jpg 645w, https:\/\/www.pr-neu.de\/newsroom\/wordpress\/wp-content\/uploads\/2019\/09\/19-10_sedak-Azubis_G.jpg 1975w\" sizes=\"auto, (max-width: 300px) 100vw, 300px\" \/><\/a><\/p>\n<p style=\"text-align: center;\">Die neuen sedak-Azubis: David Illige, Ilias Tsatsouras, Sebastian Gaier, Oktay Yagci und Umut \u00d6zkan (v.l.n. r.).<\/p>\n<p style=\"text-align: center;\">Foto: sedak GmbH &amp; Co. KG<\/p>\n<p style=\"text-align: center;\"><a href=\"http:\/\/www.pr-neu.de\/newsroom\/wordpress\/wp-content\/uploads\/2019\/09\/19-10_sedak-Ausbildung-Flachglastechnologe_G.jpg\"><img loading=\"lazy\" decoding=\"async\" class=\"size-medium wp-image-10735\" src=\"http:\/\/www.pr-neu.de\/newsroom\/wordpress\/wp-content\/uploads\/2019\/09\/19-10_sedak-Ausbildung-Flachglastechnologe_G-300x200.jpg\" alt=\"\" width=\"300\" height=\"200\" srcset=\"https:\/\/www.pr-neu.de\/newsroom\/wordpress\/wp-content\/uploads\/2019\/09\/19-10_sedak-Ausbildung-Flachglastechnologe_G-300x200.jpg 300w, https:\/\/www.pr-neu.de\/newsroom\/wordpress\/wp-content\/uploads\/2019\/09\/19-10_sedak-Ausbildung-Flachglastechnologe_G-768x513.jpg 768w, https:\/\/www.pr-neu.de\/newsroom\/wordpress\/wp-content\/uploads\/2019\/09\/19-10_sedak-Ausbildung-Flachglastechnologe_G-1024x683.jpg 1024w, https:\/\/www.pr-neu.de\/newsroom\/wordpress\/wp-content\/uploads\/2019\/09\/19-10_sedak-Ausbildung-Flachglastechnologe_G-110x73.jpg 110w, https:\/\/www.pr-neu.de\/newsroom\/wordpress\/wp-content\/uploads\/2019\/09\/19-10_sedak-Ausbildung-Flachglastechnologe_G-420x280.jpg 420w, https:\/\/www.pr-neu.de\/newsroom\/wordpress\/wp-content\/uploads\/2019\/09\/19-10_sedak-Ausbildung-Flachglastechnologe_G-644x430.jpg 644w, https:\/\/www.pr-neu.de\/newsroom\/wordpress\/wp-content\/uploads\/2019\/09\/19-10_sedak-Ausbildung-Flachglastechnologe_G.jpg 1975w\" sizes=\"auto, (max-width: 300px) 100vw, 300px\" \/><\/a><\/p>\n<p style=\"text-align: center;\">In Gersthofen gibt es eine besondere Ausbildung: Bei sedak lernen Azubis den Beruf des Flachglastechnologen.<\/p>\n<p style=\"text-align: center;\">Foto: sedak GmbH &amp; Co. KG<\/p>\n<hr \/>\n<p><strong>R\u00fcckfragen beantwortet gern<\/strong><\/p>\n<table style=\"height: 144px;\" width=\"567\">\n<tbody>\n<tr>\n<td valign=\"top\" width=\"260\" height=\"25\"><strong>sedak GmbH &amp; Co. KG<br \/>\n<\/strong>Tatjana Vinkovic<br \/>\nTel.: +49(0)821\/2494-823<br \/>\nFax: +49(0)821\/2494-777<br \/>\nE-Mail: <a href=\"&#109;a&#x69;l&#x74;o&#x3a;&#116;&#x61;&#116;&#x6a;&#97;n&#x61;&#46;&#x76;i&#x6e;&#107;&#x6f;&#118;&#x69;&#99;&#x40;&#115;e&#x64;a&#x6b;&#46;&#x63;&#111;&#x6d;\">t&#97;&#x74;&#x6a;a&#110;&#x61;&#x2e;v&#105;&#110;&#x6b;&#x6f;v&#105;&#x63;&#x40;s&#101;&#x64;&#x61;k&#46;&#99;&#x6f;&#x6d;<\/a><\/td>\n<td colspan=\"3\" valign=\"top\" width=\"260\" height=\"21\"><\/td>\n<\/tr>\n<\/tbody>\n<\/table>\n<p>Abdruck honorarfrei, Belegexemplar erbeten<\/p>\n<hr \/>\n<p><strong>Leading glass<\/strong><\/p>\n<p>Der Glasveredler sedak (Gersthofen), gegr\u00fcndet 2007, hat sich mit mittlerweile 180 Mitarbeitern zum weltweiten Technologie- und Innovationsf\u00fchrer f\u00fcr gro\u00dfformatige Isolier- und Sicherheitsgl\u00e4ser entwickelt. Nach zehnj\u00e4hriger Erfahrung in der Produktion von Scheiben in \u00dcbergr\u00f6\u00dfen und dem kontinuierlichen Ausbau der Automatisierung, gilt sedak als wegweisender Spezialist in diesem know-how-intensiven Segment. Die Scheiben reichen bis 3,51 x 20 Meter \u2013 bearbeitet, vorgespannt, laminiert, bedruckt, beschichtet und laminations- und thermisch gebogen. Kernkompetenzen sind Glaslamination, Kantenbearbeitung und das Spezialwissen bei der Produktion von Glasbauteilen mit zus\u00e4tzlichen funktionalen und dekorativen Elementen. Die Fertigung ist auf die extremen Glasgr\u00f6\u00dfen und -gewichte optimiert, s\u00e4mtliche Veredelungsschritte erfolgen inhouse und hochautomatisiert. Als Full-Supplier f\u00fcr Gl\u00e4ser bis 20 Meter versteht sich sedak als Partner f\u00fcr Architekten, Planer und Fassadenbauer. Herausragende Referenzen sind u. a. das Haus der Europ\u00e4ischen Geschichte in Br\u00fcssel, die medizinische Fakult\u00e4t in Montpellier, der Torre Europa in Madrid, der Brookfield Place New York, der Apple Park in Cupertino, der Apple-Cube New York, die Experimenta in Heilbronn sowie zahlreiche eindrucksvolle Premium-Flagship-Stores weltweit.<\/p>\n<p><strong>Anwendungsgebiete<\/strong><\/p>\n<ul>\n<li>Glasfassaden<\/li>\n<li>Glasd\u00e4cher<\/li>\n<li>Glastreppen<\/li>\n<li>Glasbr\u00fcstungen<\/li>\n<li>Schiffsbau<\/li>\n<li>Sicherheitsverglasungen<\/li>\n<li>Ganzglaskonstruktionen<\/li>\n<li>Innenarchitektur<\/li>\n<li>Sonderanfertigung<\/li>\n<\/ul>\n","protected":false},"excerpt":{"rendered":"<p>sedak: Azubis starten Ausbildung zum Flachglastechnologen F\u00fcnf Nachwuchskr\u00e4fte haben im September bei sedak in Gersthofen ihre Ausbildung gestartet. Vier von Ihnen haben sich damit f\u00fcr einen besonderen Beruf entschieden: Schon die Ausbildung zum Flach\u00adglastechnologen ist nur an wenigen Standorten m\u00f6glich, bei sedak arbeiten die Azubis sogar an den gr\u00f6\u00dften Fassadengl\u00e4ser der Welt. Daf\u00fcr begeistern sich [&hellip;]<\/p>\n","protected":false},"author":6,"featured_media":10736,"comment_status":"closed","ping_status":"open","sticky":false,"template":"","format":"standard","meta":{"footnotes":""},"categories":[12],"tags":[],"class_list":["post-10734","post","type-post","status-publish","format-standard","has-post-thumbnail","hentry","category-sedak"],"_links":{"self":[{"href":"https:\/\/www.pr-neu.de\/newsroom\/wp-json\/wp\/v2\/posts\/10734","targetHints":{"allow":["GET"]}}],"collection":[{"href":"https:\/\/www.pr-neu.de\/newsroom\/wp-json\/wp\/v2\/posts"}],"about":[{"href":"https:\/\/www.pr-neu.de\/newsroom\/wp-json\/wp\/v2\/types\/post"}],"author":[{"embeddable":true,"href":"https:\/\/www.pr-neu.de\/newsroom\/wp-json\/wp\/v2\/users\/6"}],"replies":[{"embeddable":true,"href":"https:\/\/www.pr-neu.de\/newsroom\/wp-json\/wp\/v2\/comments?post=10734"}],"version-history":[{"count":9,"href":"https:\/\/www.pr-neu.de\/newsroom\/wp-json\/wp\/v2\/posts\/10734\/revisions"}],"predecessor-version":[{"id":11606,"href":"https:\/\/www.pr-neu.de\/newsroom\/wp-json\/wp\/v2\/posts\/10734\/revisions\/11606"}],"wp:featuredmedia":[{"embeddable":true,"href":"https:\/\/www.pr-neu.de\/newsroom\/wp-json\/wp\/v2\/media\/10736"}],"wp:attachment":[{"href":"https:\/\/www.pr-neu.de\/newsroom\/wp-json\/wp\/v2\/media?parent=10734"}],"wp:term":[{"taxonomy":"category","embeddable":true,"href":"https:\/\/www.pr-neu.de\/newsroom\/wp-json\/wp\/v2\/categories?post=10734"},{"taxonomy":"post_tag","embeddable":true,"href":"https:\/\/www.pr-neu.de\/newsroom\/wp-json\/wp\/v2\/tags?post=10734"}],"curies":[{"name":"wp","href":"https:\/\/api.w.org\/{rel}","templated":true}]}}