{"id":10682,"date":"2019-09-10T08:00:27","date_gmt":"2019-09-10T06:00:27","guid":{"rendered":"http:\/\/www.pr-nord.de\/newsroom\/?p=10682"},"modified":"2020-05-19T08:38:20","modified_gmt":"2020-05-19T06:38:20","slug":"eine-investition-in-den-standort-und-die-zukunft","status":"publish","type":"post","link":"https:\/\/www.pr-neu.de\/newsroom\/eine-investition-in-den-standort-und-die-zukunft\/","title":{"rendered":"Eine Investition in den Standort \u2013 und die Zukunft"},"content":{"rendered":"<p><u>Hanno: Werkseinweihung mit rund 400 G\u00e4sten<\/u><\/p>\n<p><strong>Mit einem gro\u00dfen Festakt er\u00f6ffnete die Hanno Werk GmbH &amp; Co. KG am 7. September feierlich seinen sechsten Werksabschnitt. Der Experte f\u00fcr Dicht- und D\u00e4mmstoffe nutzte die Gelegenheit, um auf die lange Unternehmensgeschichte zur\u00fcckzublicken \u2013 n\u00e4chstes Jahr feiert Hanno seinen 125. Geburtstag \u2013 und nach vorne zu schauen: Mit gleich zwei neuen Geb\u00e4uden, einer Produktionshalle und einem Innovationszentrum, steigern die Laatzener ihre Produktionskapazit\u00e4ten und bauen ihre Forschung und Entwicklung aus. Daf\u00fcr investierte Hanno f\u00fcnf Millionen Euro. Zu den G\u00e4sten geh\u00f6rten neben den Mitarbeitern und ihren Familien auch Regionspr\u00e4sident Hauke Jagau, Ortsb\u00fcrgermeisterin Silke Rehmert, B\u00fcrgermeister J\u00fcrgen K\u00f6hne sowie die Gesellschafter. <\/strong><\/p>\n<p>\u201eWir geh\u00f6ren zu den drei f\u00fchrenden Herstellern in Deutschland. Wir schreiben gesunde positive Zahlen und k\u00f6nnen deswegen reinvestieren\u201c, berichtete Hanno-Gesch\u00e4ftsf\u00fchrer G\u00fcnter Krohn mit Stolz. In den vergangenen Jahren bauten die Laatzener ihre Marktposition stetig aus \u2013 und die Nachfrage ist ungebrochen hoch. Die Investition ist auch ein Bekenntnis zum Standort. \u201eAls Gesellschafter blicken wir auf erfolgreiche Zeiten mit Hanno zur\u00fcck und freuen uns daher besonders, dass sich das Unternehmen auch in der heutigen Wirtschaftswelt als zuverl\u00e4ssiger Arbeitgeber und Innovationstreiber beweist\u201c, so Nicolas Mohr, Gesellschafter und Vorsitzender des Beirats der Hanno-Vito-Gruppe.<\/p>\n<p>In der neuen Produktionshalle wird eine 45 Meter lange Tr\u00e4nkstra\u00dfe installiert, die zus\u00e4tzlich nach der Tr\u00e4nkung weitere Arbeitsschritte bei der Produktion der Fugendichtungsb\u00e4nder in einem Arbeitsgang ausf\u00fchrt. Wichtiger Teil der Erweiterung ist auch das Technikum mit dem Hanno seinen Fokus auf Anwendungstechnik, Forschung und Entwicklung weiter ausbaut. \u201eDas Geb\u00e4ude ist nach den aktuellen Niedrigenergiestandards gebaut und demonstriert unsere Expertise als D\u00e4mm- und Fugenabdichtungshersteller\u201c, so Krohn in seiner Rede.<\/p>\n<p>Die Einweihung nutzte Hanno auch als \u201eDankesch\u00f6n\u201c an die Mitarbeiter. Der Tag wurde so zum \u201eHanno Family Day\u201c, den die Belegschaft mit ihren Familien feierte \u2013 rund 400 Besucher folgten der Einladung. \u201eWir wissen, dass unser Erfolg vor allem von der guten Arbeit unserer Mitarbeiter abh\u00e4ngt \u2013 das sind allein hier in Laatzen rund 200. Daf\u00fcr gilt es, auch immer wieder Danke zu sagen\u201c, berichtete Krohn. Ein Dank ging auch an die ebenfalls am Festtag anwesenden Gesellschafter und Gesellschafterinnen, die mit ihrem Weitblick und ihrer Investitionsbereitschaft zum Wachstum von Hanno ma\u00dfgeblich beigetragen haben und somit als Eigent\u00fcmer den Standort in Hannover Laatzen nachhaltig unterst\u00fctzten.<\/p>\n<p>Nach dem offiziellen Teil konnten sich die Besucher in den ge\u00f6ffneten Werkshallen ein Bild \u00fcber die gro\u00dfe Vielfalt der Produktion von Hanno verschaffen \u2013 beispielsweise wurden Teile der Produktion f\u00fcr Fugenabdichtungsb\u00e4nder und Folienb\u00e4nder vom Fachpersonal erkl\u00e4rt.<\/p>\n<hr \/>\n<p><a href=\"http:\/\/www.pr-neu.de\/newsroom\/wordpress\/wp-content\/uploads\/2019\/09\/19-10_Krohn_G.jpg\" target=\"_blank\" rel=\"noopener noreferrer\"><img loading=\"lazy\" decoding=\"async\" class=\"aligncenter wp-image-10687 size-medium\" src=\"http:\/\/www.pr-neu.de\/newsroom\/wordpress\/wp-content\/uploads\/2019\/09\/19-10_Krohn_G-300x200.jpg\" alt=\"\" width=\"300\" height=\"200\" srcset=\"https:\/\/www.pr-neu.de\/newsroom\/wordpress\/wp-content\/uploads\/2019\/09\/19-10_Krohn_G-300x200.jpg 300w, https:\/\/www.pr-neu.de\/newsroom\/wordpress\/wp-content\/uploads\/2019\/09\/19-10_Krohn_G-768x512.jpg 768w, https:\/\/www.pr-neu.de\/newsroom\/wordpress\/wp-content\/uploads\/2019\/09\/19-10_Krohn_G-1024x683.jpg 1024w, https:\/\/www.pr-neu.de\/newsroom\/wordpress\/wp-content\/uploads\/2019\/09\/19-10_Krohn_G-110x73.jpg 110w, https:\/\/www.pr-neu.de\/newsroom\/wordpress\/wp-content\/uploads\/2019\/09\/19-10_Krohn_G-420x280.jpg 420w, https:\/\/www.pr-neu.de\/newsroom\/wordpress\/wp-content\/uploads\/2019\/09\/19-10_Krohn_G-645x430.jpg 645w, https:\/\/www.pr-neu.de\/newsroom\/wordpress\/wp-content\/uploads\/2019\/09\/19-10_Krohn_G.jpg 1975w\" sizes=\"auto, (max-width: 300px) 100vw, 300px\" \/><\/a><\/p>\n<p style=\"text-align: center;\">G\u00fcnter Krohn zeigt Gesellschafter Nicolas Mohr, Regionspr\u00e4sident Hauke Jagau,<br \/>\nOrtsb\u00fcrgemeisterin Silke Rehmert und B\u00fcrgermeister J\u00fcrgen K\u00f6hne (von links<br \/>\nnach rechts) die Herstellung von Hanno Klebstoffen, die beispielsweise f\u00fcr<br \/>\nFolienb\u00e4nder genutzt werden.<br \/>\nBild: Hanno Werk GmbH &amp; Co. KG<\/p>\n<p><a href=\"http:\/\/www.pr-neu.de\/newsroom\/wordpress\/wp-content\/uploads\/2019\/09\/19-10_Belegschaft_G.jpg\" target=\"_blank\" rel=\"noopener noreferrer\"><img loading=\"lazy\" decoding=\"async\" class=\"aligncenter wp-image-10689 size-medium\" src=\"http:\/\/www.pr-neu.de\/newsroom\/wordpress\/wp-content\/uploads\/2019\/09\/19-10_Belegschaft_G-300x200.jpg\" alt=\"\" width=\"300\" height=\"200\" srcset=\"https:\/\/www.pr-neu.de\/newsroom\/wordpress\/wp-content\/uploads\/2019\/09\/19-10_Belegschaft_G-300x200.jpg 300w, https:\/\/www.pr-neu.de\/newsroom\/wordpress\/wp-content\/uploads\/2019\/09\/19-10_Belegschaft_G-768x512.jpg 768w, https:\/\/www.pr-neu.de\/newsroom\/wordpress\/wp-content\/uploads\/2019\/09\/19-10_Belegschaft_G-1024x683.jpg 1024w, https:\/\/www.pr-neu.de\/newsroom\/wordpress\/wp-content\/uploads\/2019\/09\/19-10_Belegschaft_G-110x73.jpg 110w, https:\/\/www.pr-neu.de\/newsroom\/wordpress\/wp-content\/uploads\/2019\/09\/19-10_Belegschaft_G-420x280.jpg 420w, https:\/\/www.pr-neu.de\/newsroom\/wordpress\/wp-content\/uploads\/2019\/09\/19-10_Belegschaft_G-645x430.jpg 645w, https:\/\/www.pr-neu.de\/newsroom\/wordpress\/wp-content\/uploads\/2019\/09\/19-10_Belegschaft_G.jpg 1975w\" sizes=\"auto, (max-width: 300px) 100vw, 300px\" \/><\/a><\/p>\n<p style=\"text-align: center;\">Die Belegschaft feierte mit ihren Familien beim Hanno Family Day<br \/>\ndie Einweihung der sechsten Werkserweiterung.<br \/>\nBild: Hanno Werk GmbH &amp; Co. KG<\/p>\n<p><a href=\"http:\/\/www.pr-neu.de\/newsroom\/wordpress\/wp-content\/uploads\/2019\/09\/19-10_Technikum_G.jpg\" target=\"_blank\" rel=\"noopener noreferrer\"><img loading=\"lazy\" decoding=\"async\" class=\"aligncenter wp-image-10688 size-medium\" src=\"http:\/\/www.pr-neu.de\/newsroom\/wordpress\/wp-content\/uploads\/2019\/09\/19-10_Technikum_G-300x200.jpg\" alt=\"\" width=\"300\" height=\"200\" srcset=\"https:\/\/www.pr-neu.de\/newsroom\/wordpress\/wp-content\/uploads\/2019\/09\/19-10_Technikum_G-300x200.jpg 300w, https:\/\/www.pr-neu.de\/newsroom\/wordpress\/wp-content\/uploads\/2019\/09\/19-10_Technikum_G-768x512.jpg 768w, https:\/\/www.pr-neu.de\/newsroom\/wordpress\/wp-content\/uploads\/2019\/09\/19-10_Technikum_G-1024x683.jpg 1024w, https:\/\/www.pr-neu.de\/newsroom\/wordpress\/wp-content\/uploads\/2019\/09\/19-10_Technikum_G-110x73.jpg 110w, https:\/\/www.pr-neu.de\/newsroom\/wordpress\/wp-content\/uploads\/2019\/09\/19-10_Technikum_G-420x280.jpg 420w, https:\/\/www.pr-neu.de\/newsroom\/wordpress\/wp-content\/uploads\/2019\/09\/19-10_Technikum_G-645x430.jpg 645w, https:\/\/www.pr-neu.de\/newsroom\/wordpress\/wp-content\/uploads\/2019\/09\/19-10_Technikum_G.jpg 1975w\" sizes=\"auto, (max-width: 300px) 100vw, 300px\" \/><\/a><\/p>\n<p style=\"text-align: center;\">Im neu eingeweihten Technikum wird in Zukunft Forschung und<br \/>\nEntwicklung und Anwendungstechniken betrieben.<br \/>\nBild: Hanno Werk GmbH &amp; Co. KG<\/p>\n<hr \/>\n<p>Abdruck honorarfrei, Belegexemplar erbeten<\/p>\n","protected":false},"excerpt":{"rendered":"<p>Hanno: Werkseinweihung mit rund 400 G\u00e4sten Mit einem gro\u00dfen Festakt er\u00f6ffnete die Hanno Werk GmbH &amp; Co. KG am 7. September feierlich seinen sechsten Werksabschnitt. Der Experte f\u00fcr Dicht- und D\u00e4mmstoffe nutzte die Gelegenheit, um auf die lange Unternehmensgeschichte zur\u00fcckzublicken \u2013 n\u00e4chstes Jahr feiert Hanno seinen 125. Geburtstag \u2013 und nach vorne zu schauen: Mit [&hellip;]<\/p>\n","protected":false},"author":6,"featured_media":10687,"comment_status":"closed","ping_status":"open","sticky":false,"template":"","format":"standard","meta":{"footnotes":""},"categories":[655],"tags":[],"class_list":["post-10682","post","type-post","status-publish","format-standard","has-post-thumbnail","hentry","category-hanno"],"_links":{"self":[{"href":"https:\/\/www.pr-neu.de\/newsroom\/wp-json\/wp\/v2\/posts\/10682","targetHints":{"allow":["GET"]}}],"collection":[{"href":"https:\/\/www.pr-neu.de\/newsroom\/wp-json\/wp\/v2\/posts"}],"about":[{"href":"https:\/\/www.pr-neu.de\/newsroom\/wp-json\/wp\/v2\/types\/post"}],"author":[{"embeddable":true,"href":"https:\/\/www.pr-neu.de\/newsroom\/wp-json\/wp\/v2\/users\/6"}],"replies":[{"embeddable":true,"href":"https:\/\/www.pr-neu.de\/newsroom\/wp-json\/wp\/v2\/comments?post=10682"}],"version-history":[{"count":5,"href":"https:\/\/www.pr-neu.de\/newsroom\/wp-json\/wp\/v2\/posts\/10682\/revisions"}],"predecessor-version":[{"id":11577,"href":"https:\/\/www.pr-neu.de\/newsroom\/wp-json\/wp\/v2\/posts\/10682\/revisions\/11577"}],"wp:featuredmedia":[{"embeddable":true,"href":"https:\/\/www.pr-neu.de\/newsroom\/wp-json\/wp\/v2\/media\/10687"}],"wp:attachment":[{"href":"https:\/\/www.pr-neu.de\/newsroom\/wp-json\/wp\/v2\/media?parent=10682"}],"wp:term":[{"taxonomy":"category","embeddable":true,"href":"https:\/\/www.pr-neu.de\/newsroom\/wp-json\/wp\/v2\/categories?post=10682"},{"taxonomy":"post_tag","embeddable":true,"href":"https:\/\/www.pr-neu.de\/newsroom\/wp-json\/wp\/v2\/tags?post=10682"}],"curies":[{"name":"wp","href":"https:\/\/api.w.org\/{rel}","templated":true}]}}