{"id":10648,"date":"2020-08-12T08:00:04","date_gmt":"2020-08-12T06:00:04","guid":{"rendered":"http:\/\/www.pr-nord.de\/newsroom\/?p=10648"},"modified":"2020-11-12T11:23:26","modified_gmt":"2020-11-12T10:23:26","slug":"schusssicheres-isolierglas-mit-funktionaler-vielfaltz","status":"publish","type":"post","link":"https:\/\/www.pr-neu.de\/newsroom\/schusssicheres-isolierglas-mit-funktionaler-vielfaltz\/","title":{"rendered":"Kugelsicher"},"content":{"rendered":"<p>sedak: Isolierglas in allen Beschussklassen \u201eA+Award-Special Mention 2020\u201c f\u00fcr sedak isosecure<\/p>\n<p><strong>Als Schutz vor Angriffen mit Waffengewalt bietet sedak mit dem Isolierglas sedak isosecure Sicherheit in den Beschussklassen BR2 NS bis BR7 NS (gem\u00e4\u00df DIN EN 1063), also bis zum h\u00f6chsten Schutzlevel. Somit sind f\u00fcr jedes Level anforderungsgerechte Scheiben verf\u00fcgbar. Das Glas verzichtet dabei auf das sonst \u00fcbliche Polycarbonatsystem, wodurch die Brandlast gegen\u00fcber konventionellen L\u00f6sungen sinkt. sedak isosecure erhielt zudem im August 2020 die Auszeichnung \u201especial mention\u201c beim renommierten Architizer A+Award. Gew\u00fcrdigt wurde die umfassende Gesamtfunktionalit\u00e4t des Isolierglases.<\/strong><\/p>\n<p>Regierungssitze und Botschaften, Privath\u00e4user mit erh\u00f6hten Sicherheitsanforderungen, Veranstaltungs\u00acgeb\u00e4ude oder Flugh\u00e4fen: In vielen Bauwerken gelten hohe Sicherheitsanforderungen, verbunden mit dem Schutz vor Angriffen mit Schusswaffen. Das stellt hohe Anspr\u00fcche vor allem an die transparenten Fl\u00e4chen. Der Glasveredler sedak bietet daf\u00fcr das schusssichere Isolierglas sedak isosecure an. Es ist nun durchg\u00e4ngig in den Schutzklassen BR 2 NS bis BR7 NS (gem. DIN EN 1063) zertifiziert. In der h\u00f6chsten Beschussklasse widersteht eine Scheibe sogar Angriffen mit Hartkernmunition plus geh\u00e4rteten Stahlkern.<\/p>\n<p>Die schusssicheren Isoliergl\u00e4ser gibt es bis zum Maximal-Format 3,6 x 20 Meter \u2013 und ist zudem f\u00fcr TVG-Glas zertifiziert. Eine Besonderheit ist, dass isosecure die hohe Widerstandskraft splitterfrei ohne den Einsatz des sonst \u00fcblichen Polycarbonatsystems erreicht. Das verringert die Brandlast.<\/p>\n<p>Unabh\u00e4ngig von der Sicherheitsklasse ist das Glas in den g\u00e4ngigen Sonnen- und W\u00e4rmeschutzbeschichtungen lieferbar. Verl\u00e4ssliche Sicherheit und \u00e4sthetische Transparenz f\u00fcr repr\u00e4sentative Bauwerke mit hohem Sicherheitsbedarf schlie\u00dfen sich so nicht mehr aus \u2013 durch den Einsatz kugelsicherer, \u00fcbergro\u00dfer Scheiben. Dies gilt umso mehr, als dass der Scheibenaufbau stets auf beiden Au\u00dfenseiten Glas (und keine Folie) vorsieht: So ist die gl\u00e4serne Anmutung von innen und von au\u00dfen gegeben.<\/p>\n<p><strong>Ausgezeichnet<\/strong><\/p>\n<p>Eine besondere Auszeichnung erhielt sedak isosecure Anfang August aufgrund der hohen Funktionalit\u00e4t, die besondere Anspr\u00fcche an die \u00c4sthetik mit modernen Energiestandards und Sonderfunktionen vereint: Beim renommierten Architektur-Produkt-Wettbewerb \u201eA+Award\u201c des US-amerikanischen Portals \u201eArchitizer\u201c erhielt das Glas eine \u201eSpecial Mention\u201c in der Kategorie \u201eFacades \u2013 glass and glazing\u201c.<\/p>\n<p><strong>Beidseitig h\u00f6chste Sicherheit: sedak secuprotect<\/strong><\/p>\n<p>Schusssicherheit bietet sedak auch f\u00fcr Gl\u00e4ser mit monolithischem Aufbau. Sie gew\u00e4hren Schutz von beiden Seiten. Das ist beispielsweise \u00fcberall dort sinnvoll, wo Menschenmengen aneinander vorbei str\u00f6men und vorher nicht abzusehen ist, von wo eine Gewalttat ausgeht (Passagier\u00acstr\u00f6me auf Flugh\u00e4fen etc.). Der Aufbau von sedak secuprotect l\u00f6st dieses Problem elegant, denn die symmetrische Bauart bietet zertifizierte Beschusssicherheit von beiden Seiten. Das Sicherheitsglas ist zertifiziert f\u00fcr die h\u00f6chste Beschussklasse BR7 NS und erreicht sogar den STANAG Level 3.<\/p>\n<p>&nbsp;<\/p>\n<hr \/>\n<p>&nbsp;<\/p>\n<p style=\"text-align: center;\"><a href=\"http:\/\/www.pr-neu.de\/newsroom\/wordpress\/wp-content\/uploads\/2019\/09\/19-05_sedak_isosecure_Fassade_G.jpg\" target=\"_blank\" rel=\"noopener noreferrer\"><img loading=\"lazy\" decoding=\"async\" class=\"aligncenter wp-image-10651 size-medium\" src=\"http:\/\/www.pr-neu.de\/newsroom\/wordpress\/wp-content\/uploads\/2019\/09\/19-05_sedak_isosecure_Fassade_G-300x200.jpg\" alt=\"\" width=\"300\" height=\"200\" srcset=\"https:\/\/www.pr-neu.de\/newsroom\/wordpress\/wp-content\/uploads\/2019\/09\/19-05_sedak_isosecure_Fassade_G-300x200.jpg 300w, https:\/\/www.pr-neu.de\/newsroom\/wordpress\/wp-content\/uploads\/2019\/09\/19-05_sedak_isosecure_Fassade_G-768x511.jpg 768w, https:\/\/www.pr-neu.de\/newsroom\/wordpress\/wp-content\/uploads\/2019\/09\/19-05_sedak_isosecure_Fassade_G-1024x682.jpg 1024w, https:\/\/www.pr-neu.de\/newsroom\/wordpress\/wp-content\/uploads\/2019\/09\/19-05_sedak_isosecure_Fassade_G-110x73.jpg 110w, https:\/\/www.pr-neu.de\/newsroom\/wordpress\/wp-content\/uploads\/2019\/09\/19-05_sedak_isosecure_Fassade_G-420x280.jpg 420w, https:\/\/www.pr-neu.de\/newsroom\/wordpress\/wp-content\/uploads\/2019\/09\/19-05_sedak_isosecure_Fassade_G-646x430.jpg 646w, https:\/\/www.pr-neu.de\/newsroom\/wordpress\/wp-content\/uploads\/2019\/09\/19-05_sedak_isosecure_Fassade_G.jpg 1975w\" sizes=\"auto, (max-width: 300px) 100vw, 300px\" \/><\/a><\/p>\n<p style=\"text-align: center;\">sedak isosecure: Das Sicherheitsglas der Beschussklasse<br \/>\nBR2 &#8211; BR7 NS h\u00e4lt Sch\u00fcssen mit Hartkernmunition \u2013 und<br \/>\nist bis zum Maximal-Format 3,60 x 20 Meter verf\u00fcgbar.<br \/>\nFoto: sedak<\/p>\n<p>&nbsp;<\/p>\n<p style=\"text-align: center;\"><a href=\"http:\/\/www.pr-neu.de\/newsroom\/wordpress\/wp-content\/uploads\/2019\/09\/20-05_isosecure_architizer_G.jpg\" target=\"_blank\" rel=\"noopener noreferrer\"><img loading=\"lazy\" decoding=\"async\" class=\"aligncenter wp-image-13812 size-medium\" src=\"http:\/\/www.pr-neu.de\/newsroom\/wordpress\/wp-content\/uploads\/2019\/09\/20-05_isosecure_architizer_G-300x200.jpg\" alt=\"\" width=\"300\" height=\"200\" srcset=\"https:\/\/www.pr-neu.de\/newsroom\/wordpress\/wp-content\/uploads\/2019\/09\/20-05_isosecure_architizer_G-300x200.jpg 300w, https:\/\/www.pr-neu.de\/newsroom\/wordpress\/wp-content\/uploads\/2019\/09\/20-05_isosecure_architizer_G-1024x682.jpg 1024w, https:\/\/www.pr-neu.de\/newsroom\/wordpress\/wp-content\/uploads\/2019\/09\/20-05_isosecure_architizer_G-768x512.jpg 768w, https:\/\/www.pr-neu.de\/newsroom\/wordpress\/wp-content\/uploads\/2019\/09\/20-05_isosecure_architizer_G-1536x1024.jpg 1536w, https:\/\/www.pr-neu.de\/newsroom\/wordpress\/wp-content\/uploads\/2019\/09\/20-05_isosecure_architizer_G-110x73.jpg 110w, https:\/\/www.pr-neu.de\/newsroom\/wordpress\/wp-content\/uploads\/2019\/09\/20-05_isosecure_architizer_G-420x280.jpg 420w, https:\/\/www.pr-neu.de\/newsroom\/wordpress\/wp-content\/uploads\/2019\/09\/20-05_isosecure_architizer_G-645x430.jpg 645w, https:\/\/www.pr-neu.de\/newsroom\/wordpress\/wp-content\/uploads\/2019\/09\/20-05_isosecure_architizer_G.jpg 1796w\" sizes=\"auto, (max-width: 300px) 100vw, 300px\" \/><\/a><\/p>\n<p style=\"text-align: center;\">Ausgezeichnet: Mit der \u201especial mention\u201c in der Kategorie \u201eFacades<br \/>\n\u2013 glass and glazing\u201c z\u00e4hlt sedak isosecure zu den Gewinnern beim<br \/>\ninternationalen \u201eArchitizer A+ Award\u201c. Von den eingereichten Produkten<br \/>\nschaffen es nur rund f\u00fcnf Prozent, eine Auszeichnung zu erhalten.<br \/>\nFoto: sedak<\/p>\n<p>&nbsp;<\/p>\n<p style=\"text-align: center;\"><a href=\"http:\/\/www.pr-neu.de\/newsroom\/wordpress\/wp-content\/uploads\/2019\/09\/20-05_secuprotect_G.jpg\" target=\"_blank\" rel=\"noopener noreferrer\"><img loading=\"lazy\" decoding=\"async\" class=\"wp-image-13811 size-medium\" src=\"http:\/\/www.pr-neu.de\/newsroom\/wordpress\/wp-content\/uploads\/2019\/09\/20-05_secuprotect_G-300x200.jpg\" alt=\"\" width=\"300\" height=\"200\" srcset=\"https:\/\/www.pr-neu.de\/newsroom\/wordpress\/wp-content\/uploads\/2019\/09\/20-05_secuprotect_G-300x200.jpg 300w, https:\/\/www.pr-neu.de\/newsroom\/wordpress\/wp-content\/uploads\/2019\/09\/20-05_secuprotect_G-1024x682.jpg 1024w, https:\/\/www.pr-neu.de\/newsroom\/wordpress\/wp-content\/uploads\/2019\/09\/20-05_secuprotect_G-768x512.jpg 768w, https:\/\/www.pr-neu.de\/newsroom\/wordpress\/wp-content\/uploads\/2019\/09\/20-05_secuprotect_G-1536x1024.jpg 1536w, https:\/\/www.pr-neu.de\/newsroom\/wordpress\/wp-content\/uploads\/2019\/09\/20-05_secuprotect_G-110x73.jpg 110w, https:\/\/www.pr-neu.de\/newsroom\/wordpress\/wp-content\/uploads\/2019\/09\/20-05_secuprotect_G-420x280.jpg 420w, https:\/\/www.pr-neu.de\/newsroom\/wordpress\/wp-content\/uploads\/2019\/09\/20-05_secuprotect_G-645x430.jpg 645w, https:\/\/www.pr-neu.de\/newsroom\/wordpress\/wp-content\/uploads\/2019\/09\/20-05_secuprotect_G.jpg 1796w\" sizes=\"auto, (max-width: 300px) 100vw, 300px\" \/><\/a><\/p>\n<p style=\"text-align: center;\">sedak secuprotect: Zertifizierte Schusssicherheit bietet sedak auch bei<br \/>\nGl\u00e4sern mit monolithischem Aufbau \u2013 und das von beiden Seiten.<br \/>\nFoto: sedak<\/p>\n<p>&nbsp;<\/p>\n<hr \/>\n<p>&nbsp;<\/p>\n<p><strong>R\u00fcckfragen beantwortet gern<\/strong><\/p>\n<table>\n<tbody>\n<tr>\n<td valign=\"top\" width=\"260\" height=\"25\"><strong>sedak GmbH &amp; Co. KG<br \/>\n<\/strong>Tatjana Vinkovic<br \/>\nTel.: +49(0)821\/2494-823<br \/>\nFax: +49(0)821\/2494-777<br \/>\nE-Mail: <a href=\"&#109;a&#x69;l&#x74;o&#x3a;t&#x61;t&#x6a;a&#x6e;&#97;&#x2e;&#118;&#x69;&#110;&#x6b;&#111;&#x76;&#105;&#x63;&#64;&#x73;&#101;d&#x61;k&#x2e;c&#x6f;m\">&#x74;&#97;t&#x6a;&#97;n&#x61;&#x2e;&#118;&#x69;&#x6e;&#107;o&#x76;&#105;c&#x40;&#x73;&#101;&#x64;&#x61;&#107;&#46;&#x63;&#111;m<\/a><\/td>\n<td colspan=\"3\" valign=\"top\" width=\"260\" height=\"21\"><\/td>\n<\/tr>\n<\/tbody>\n<\/table>\n<p>Abdruck honorarfrei, Belegexemplar erbeten<\/p>\n<p>&nbsp;<\/p>\n<hr noshade=\"noshade\" size=\"1\" \/>\n<p>&nbsp;<\/p>\n<p><strong>Leading glass<\/strong><\/p>\n<p>Der Glasveredler sedak (Gersthofen), gegr\u00fcndet 2007, hat sich mit mittlerweile 170 Mitarbeitern zum weltweiten Technologie- und Innovationsf\u00fchrer f\u00fcr gro\u00dfformatige Isolier- und Sicherheitsgl\u00e4ser entwickelt. Nach zehnj\u00e4hriger Erfahrung in der Produktion von Scheiben in \u00dcbergr\u00f6\u00dfen und dem kontinuierlichen Ausbau der Automatisierung, gilt sedak als wegweisender Spezialist in diesem know-how-intensiven Segment. Die Scheiben reichen bis 3,51 x 20 Meter \u2013 bearbeitet, vorgespannt, laminiert, bedruckt, beschichtet und laminationsgebogen. Kernkompetenzen sind Glaslamination, Kantenbearbeitung und das Spezialwissen bei der Produktion von Glasbauteilen mit zus\u00e4tzlichen funktionalen und dekorativen Elementen. Die Fertigung ist auf die extremen Glasgr\u00f6\u00dfen und -gewichte optimiert, s\u00e4mtliche Veredelungsschritte erfolgen inhouse und hochautomatisiert. Als Full-Supplier f\u00fcr Gl\u00e4ser bis 20 Meter versteht sich sedak als Partner f\u00fcr Architekten, Planer und Fassadenbauer. Herausragende Referenzen sind u. a. das Haus der Europ\u00e4ischen Geschichte in Br\u00fcssel, die medizinische Fakult\u00e4t in Montpellier, der Torre Europa in Madrid, der Brookfield Place New York, die UNO Genf, der Apple Park in Cupertino, der Apple-Cube New York, die Experimenta in Heilbronn sowie zahlreiche eindrucksvolle Premium-Flagship-Stores weltweit.<\/p>\n<p>&nbsp;<\/p>\n<hr noshade=\"noshade\" size=\"1\" \/>\n<p>&nbsp;<\/p>\n<p><strong>Anwendungsgebiete<\/strong><\/p>\n<ul>\n<li>Glasfassaden<\/li>\n<li>Glasd\u00e4cher<\/li>\n<li>Glastreppen<\/li>\n<li>Glasbr\u00fcstungen<\/li>\n<li>Schiffsbau<\/li>\n<li>Sicherheitsverglasungen<\/li>\n<li>Ganzglaskonstruktionen<\/li>\n<li>Innenarchitektur<\/li>\n<li>Sonderanfertigung<\/li>\n<\/ul>\n","protected":false},"excerpt":{"rendered":"<p>sedak: Isolierglas in allen Beschussklassen \u201eA+Award-Special Mention 2020\u201c f\u00fcr sedak isosecure Als Schutz vor Angriffen mit Waffengewalt bietet sedak mit dem Isolierglas sedak isosecure Sicherheit in den Beschussklassen BR2 NS bis BR7 NS (gem\u00e4\u00df DIN EN 1063), also bis zum h\u00f6chsten Schutzlevel. Somit sind f\u00fcr jedes Level anforderungsgerechte Scheiben verf\u00fcgbar. Das Glas verzichtet dabei auf [&hellip;]<\/p>\n","protected":false},"author":6,"featured_media":10651,"comment_status":"closed","ping_status":"open","sticky":false,"template":"","format":"standard","meta":{"footnotes":""},"categories":[12],"tags":[],"class_list":["post-10648","post","type-post","status-publish","format-standard","has-post-thumbnail","hentry","category-sedak"],"_links":{"self":[{"href":"https:\/\/www.pr-neu.de\/newsroom\/wp-json\/wp\/v2\/posts\/10648","targetHints":{"allow":["GET"]}}],"collection":[{"href":"https:\/\/www.pr-neu.de\/newsroom\/wp-json\/wp\/v2\/posts"}],"about":[{"href":"https:\/\/www.pr-neu.de\/newsroom\/wp-json\/wp\/v2\/types\/post"}],"author":[{"embeddable":true,"href":"https:\/\/www.pr-neu.de\/newsroom\/wp-json\/wp\/v2\/users\/6"}],"replies":[{"embeddable":true,"href":"https:\/\/www.pr-neu.de\/newsroom\/wp-json\/wp\/v2\/comments?post=10648"}],"version-history":[{"count":15,"href":"https:\/\/www.pr-neu.de\/newsroom\/wp-json\/wp\/v2\/posts\/10648\/revisions"}],"predecessor-version":[{"id":13815,"href":"https:\/\/www.pr-neu.de\/newsroom\/wp-json\/wp\/v2\/posts\/10648\/revisions\/13815"}],"wp:featuredmedia":[{"embeddable":true,"href":"https:\/\/www.pr-neu.de\/newsroom\/wp-json\/wp\/v2\/media\/10651"}],"wp:attachment":[{"href":"https:\/\/www.pr-neu.de\/newsroom\/wp-json\/wp\/v2\/media?parent=10648"}],"wp:term":[{"taxonomy":"category","embeddable":true,"href":"https:\/\/www.pr-neu.de\/newsroom\/wp-json\/wp\/v2\/categories?post=10648"},{"taxonomy":"post_tag","embeddable":true,"href":"https:\/\/www.pr-neu.de\/newsroom\/wp-json\/wp\/v2\/tags?post=10648"}],"curies":[{"name":"wp","href":"https:\/\/api.w.org\/{rel}","templated":true}]}}