{"id":10610,"date":"2019-09-03T09:35:25","date_gmt":"2019-09-03T07:35:25","guid":{"rendered":"http:\/\/www.pr-nord.de\/newsroom\/?p=10610"},"modified":"2020-05-18T15:16:17","modified_gmt":"2020-05-18T13:16:17","slug":"innovation-und-zukunft-econtrol-glas-veranstaltet-fachsymposium-und-workshops","status":"publish","type":"post","link":"https:\/\/www.pr-neu.de\/newsroom\/innovation-und-zukunft-econtrol-glas-veranstaltet-fachsymposium-und-workshops\/","title":{"rendered":"Innovation und Zukunft: EControl-Glas veranstaltet Fachsymposium und Workshops"},"content":{"rendered":"<p>Anl\u00e4sslich seines 10j\u00e4hrigen Jubil\u00e4ums veranstaltet EControl am Firmensitz in Plauen ein branchenspezifisches Fachsymposium. Vom 19. bis 21. September 2019 stehen die Themen Digitalisierung und Automatisierung im Fokus. Referenten aus Architektur, Bauen und Wohnen bieten ein breites Vortrags-Spektrum. Das Symposium setzt dabei besonders am zweiten Veranstaltungstag neue Impulse und regt zum Austausch an. Bei den zahlreichen Workshops k\u00f6nnen Besucher M\u00f6glichkeiten der Geb\u00e4udeautomatisierung kennenlernen und sich individuell beraten lassen.<\/p>\n<p>Im Zentrum steht eine besondere Entwicklung des Veranstalters: das smart glass. Besonders bei Geb\u00e4uden mit gr\u00f6\u00dferen Glasfronten ist direkte Sonneneinstrahlung ein sp\u00fcrbares Problem \u2013 R\u00e4ume heizen sich auf, sie \u00fcberhitzen. Der klassische Schutz sind Jalousien und Markisen. Deren Nachteile: das Fensterglas kann sich trotz Schutz aufheizen und die W\u00e4rme nach innen leiten. Zudem versperren sie den freien Blick nach drau\u00dfen. EControl setzt daher auf sein spezielles smart glass, eine dimmbare Fensterverglasung. Die elektrochrome Oberfl\u00e4che f\u00e4rbt das Glas stufenlos blau ein und dunkelt die R\u00e4ume ab. Die Vorteile: Die Raumtemperatur bleibt angenehm k\u00fchl, gleichzeitig f\u00f6rdert der Blauton die Konzentration. Die Steuerung erfolgt m\u00fchelos per Knopfdruck \u2013 am Computer oder per App.<\/p>\n<p>Interessenten k\u00f6nnen sich noch bis zum 06.09.2019 anmelden:<br \/>\n<a href=\"http:\/\/www.econtrol-glas.de\/Anmeldung\" target=\"_blank\" rel=\"noopener noreferrer\">www.econtrol-glas.de\/Anmeldung <\/a><\/p>\n<hr \/>\n<p style=\"text-align: center;\"><a href=\"http:\/\/www.pr-neu.de\/newsroom\/wordpress\/wp-content\/uploads\/2019\/09\/EControl_Fachsymporium.jpg\" target=\"_blank\" rel=\"noopener noreferrer\"><img loading=\"lazy\" decoding=\"async\" class=\"aligncenter wp-image-10612 size-medium\" src=\"http:\/\/www.pr-neu.de\/newsroom\/wordpress\/wp-content\/uploads\/2019\/09\/EControl_Fachsymporium-300x169.jpg\" alt=\"\" width=\"300\" height=\"169\" srcset=\"https:\/\/www.pr-neu.de\/newsroom\/wordpress\/wp-content\/uploads\/2019\/09\/EControl_Fachsymporium-300x169.jpg 300w, https:\/\/www.pr-neu.de\/newsroom\/wordpress\/wp-content\/uploads\/2019\/09\/EControl_Fachsymporium-768x432.jpg 768w, https:\/\/www.pr-neu.de\/newsroom\/wordpress\/wp-content\/uploads\/2019\/09\/EControl_Fachsymporium-1024x576.jpg 1024w, https:\/\/www.pr-neu.de\/newsroom\/wordpress\/wp-content\/uploads\/2019\/09\/EControl_Fachsymporium-110x62.jpg 110w, https:\/\/www.pr-neu.de\/newsroom\/wordpress\/wp-content\/uploads\/2019\/09\/EControl_Fachsymporium-420x236.jpg 420w, https:\/\/www.pr-neu.de\/newsroom\/wordpress\/wp-content\/uploads\/2019\/09\/EControl_Fachsymporium-770x430.jpg 770w, https:\/\/www.pr-neu.de\/newsroom\/wordpress\/wp-content\/uploads\/2019\/09\/EControl_Fachsymporium-764x430.jpg 764w, https:\/\/www.pr-neu.de\/newsroom\/wordpress\/wp-content\/uploads\/2019\/09\/EControl_Fachsymporium.jpg 1920w\" sizes=\"auto, (max-width: 300px) 100vw, 300px\" \/><\/a>Bild<strong>:<\/strong> EControl-Glas<\/p>\n<p style=\"text-align: center;\"><a href=\"http:\/\/www.pr-neu.de\/newsroom\/wordpress\/wp-content\/uploads\/2019\/09\/EControl-Einladung-Fachsymposium-und-Workshops.pdf\" target=\"_blank\" rel=\"noopener noreferrer\"><img loading=\"lazy\" decoding=\"async\" class=\"aligncenter wp-image-10614 size-medium\" src=\"http:\/\/www.pr-neu.de\/newsroom\/wordpress\/wp-content\/uploads\/2019\/09\/Programm_Screenshot-211x300.jpg\" alt=\"\" width=\"211\" height=\"300\" srcset=\"https:\/\/www.pr-neu.de\/newsroom\/wordpress\/wp-content\/uploads\/2019\/09\/Programm_Screenshot-211x300.jpg 211w, https:\/\/www.pr-neu.de\/newsroom\/wordpress\/wp-content\/uploads\/2019\/09\/Programm_Screenshot-77x110.jpg 77w, https:\/\/www.pr-neu.de\/newsroom\/wordpress\/wp-content\/uploads\/2019\/09\/Programm_Screenshot-296x420.jpg 296w, https:\/\/www.pr-neu.de\/newsroom\/wordpress\/wp-content\/uploads\/2019\/09\/Programm_Screenshot-303x430.jpg 303w, https:\/\/www.pr-neu.de\/newsroom\/wordpress\/wp-content\/uploads\/2019\/09\/Programm_Screenshot.jpg 643w\" sizes=\"auto, (max-width: 211px) 100vw, 211px\" \/><\/a>Einladung &amp; Programm<br \/>\nals <a href=\"http:\/\/www.pr-neu.de\/newsroom\/wordpress\/wp-content\/uploads\/2019\/09\/EControl-Einladung-Fachsymposium-und-Workshops.pdf\" target=\"_blank\" rel=\"noopener noreferrer\">PDF zum Download<\/a><\/p>\n<hr \/>\n<p><strong>R\u00fcckfragen beantwortet gern<\/strong><\/p>\n<p><strong>EControl-Glas<\/strong> GmbH &amp; Co. KG<br \/>\nThomas Groneick<br \/>\nTel.: + 49 0173 \/ 46 76 22 6<br \/>\nE-Mail: <a href=\"&#109;a&#x69;l&#x74;o&#x3a;v&#x65;&#114;&#x74;&#114;&#x69;&#101;&#x62;&#64;e&#99;o&#x6e;t&#x72;o&#x6c;&#45;&#x67;&#108;&#x61;&#115;&#x2e;&#100;&#x65;\">ve&#114;&#116;&#114;&#105;&#x65;&#x62;&#x40;&#x65;&#x63;on&#116;&#114;&#111;&#108;&#x2d;&#x67;&#x6c;&#x61;&#x73;&#46;d&#101;<\/a><\/p>\n<p>Abdruck honorarfrei, Belegexemplar erbeten an<\/p>\n","protected":false},"excerpt":{"rendered":"<p>Anl\u00e4sslich seines 10j\u00e4hrigen Jubil\u00e4ums veranstaltet EControl am Firmensitz in Plauen ein branchenspezifisches Fachsymposium. Vom 19. bis 21. September 2019 stehen die Themen Digitalisierung und Automatisierung im Fokus. Referenten aus Architektur, Bauen und Wohnen bieten ein breites Vortrags-Spektrum. Das Symposium setzt dabei besonders am zweiten Veranstaltungstag neue Impulse und regt zum Austausch an. Bei den zahlreichen [&hellip;]<\/p>\n","protected":false},"author":6,"featured_media":10612,"comment_status":"closed","ping_status":"open","sticky":false,"template":"","format":"standard","meta":{"footnotes":""},"categories":[25],"tags":[],"class_list":["post-10610","post","type-post","status-publish","format-standard","has-post-thumbnail","hentry","category-econtrol"],"_links":{"self":[{"href":"https:\/\/www.pr-neu.de\/newsroom\/wp-json\/wp\/v2\/posts\/10610","targetHints":{"allow":["GET"]}}],"collection":[{"href":"https:\/\/www.pr-neu.de\/newsroom\/wp-json\/wp\/v2\/posts"}],"about":[{"href":"https:\/\/www.pr-neu.de\/newsroom\/wp-json\/wp\/v2\/types\/post"}],"author":[{"embeddable":true,"href":"https:\/\/www.pr-neu.de\/newsroom\/wp-json\/wp\/v2\/users\/6"}],"replies":[{"embeddable":true,"href":"https:\/\/www.pr-neu.de\/newsroom\/wp-json\/wp\/v2\/comments?post=10610"}],"version-history":[{"count":4,"href":"https:\/\/www.pr-neu.de\/newsroom\/wp-json\/wp\/v2\/posts\/10610\/revisions"}],"predecessor-version":[{"id":11526,"href":"https:\/\/www.pr-neu.de\/newsroom\/wp-json\/wp\/v2\/posts\/10610\/revisions\/11526"}],"wp:featuredmedia":[{"embeddable":true,"href":"https:\/\/www.pr-neu.de\/newsroom\/wp-json\/wp\/v2\/media\/10612"}],"wp:attachment":[{"href":"https:\/\/www.pr-neu.de\/newsroom\/wp-json\/wp\/v2\/media?parent=10610"}],"wp:term":[{"taxonomy":"category","embeddable":true,"href":"https:\/\/www.pr-neu.de\/newsroom\/wp-json\/wp\/v2\/categories?post=10610"},{"taxonomy":"post_tag","embeddable":true,"href":"https:\/\/www.pr-neu.de\/newsroom\/wp-json\/wp\/v2\/tags?post=10610"}],"curies":[{"name":"wp","href":"https:\/\/api.w.org\/{rel}","templated":true}]}}