{"id":10330,"date":"2019-05-08T14:12:03","date_gmt":"2019-05-08T12:12:03","guid":{"rendered":"http:\/\/www.pr-nord.de\/newsroom\/?p=10330"},"modified":"2020-05-19T08:50:12","modified_gmt":"2020-05-19T06:50:12","slug":"sedak-zeigt-bei-den-gpds-funktionale-transparenz-im-detail","status":"publish","type":"post","link":"https:\/\/www.pr-neu.de\/newsroom\/sedak-zeigt-bei-den-gpds-funktionale-transparenz-im-detail\/","title":{"rendered":"sedak zeigt bei den GPDs funktionale Transparenz im Detail"},"content":{"rendered":"<p>Glass Performance Days (Tampere): sedak pr\u00e4sentiert isopure und clear-edge<\/p>\n<p><strong>Auf den internationalen Glass Performance Days 2019 in Tampere, Finnland (26. bis 28. Juni) diskutiert das Fach-Publikum k\u00fcnftige Trends und Optimierungsm\u00f6glichkeiten des Werkstoffs Glas im Bauwesen. sedak (Gersthofen) zeigt auf der angeschlossenen Ausstellung mit \u201esedak clear-edge\u201c und \u201esedak isopure\u201c zwei neue Produkte, die f\u00fcr Glaselemente und -fassaden neue optische und konstruktive Gestaltungsm\u00f6glichkeiten er\u00f6ffnen. \u201eWir freuen uns, auf den GPDs unsere Innovationen internationalen Branchen-Vertretern vorstellen zu k\u00f6nnen und werden auch in diesem Jahr wieder Impulse setzen und mitnehmen\u201c, sagt Vertriebsleiter Ulrich Theisen.<\/strong><\/p>\n<p>Mit \u201esedak clear-edge\u201c pr\u00e4sentieren die Gersthofener einen nahezu unsichtbaren Kantenschutz aus Glas. Der filigrane Abschluss wird auf offene Glaskanten laminiert und fungiert als Schlag- und Witterungsschutz. Damit k\u00f6nnen jetzt sogar Zweifach-Laminate eingesetzt werden, wo bislang zur Gew\u00e4hrleistung der Absturzsicherung mindestens Dreifach-Laminate vorgeschrieben waren \u2013 zum Beispiel bei Br\u00fcstungen oder Handl\u00e4ufen. Bei einer Laminatdicke von unter zwei Zentimetern ist \u201esedak clear-edge\u201c in einer L\u00e4nge bis f\u00fcnf Meter erh\u00e4ltlich, bei bis zu vier Zentimetern in acht Metern und bei gr\u00f6\u00dferen Laminatst\u00e4rken sind bis zu 20 Meter m\u00f6glich.<\/p>\n<p><strong>sedak isopure: maximale Transparenz und moderne Energiestandards<\/strong><\/p>\n<p>Eine Revolution f\u00fcr Isolierglas ist \u201esedak isopure\u201c, mit dem sich transparente Glasfassaden ohne st\u00f6rendes schwarzes Fugenbild realisieren lassen. Der gl\u00e4serne Abstandshalter f\u00fcr Isoliergl\u00e4ser vereint minimal sichtbare Sto\u00dffugen mit modernen Anforderungen an den U-Wert. An zwei gegen\u00fcberliegenden Seiten der Isoliergl\u00e4ser kommt statt eines gew\u00f6hnlichen schwarzen Kunststoff-Spacers \u201esedak isopure\u201c zum Einsatz \u2013 die Fugen sind dadurch f\u00f6rmlich nicht sichtbar. Die Isoliergl\u00e4ser erm\u00f6glichen den Bau maximal transparenter (Gro\u00df-)Glasfassaden mit modernen Energie- und W\u00e4rmeschutzstandards.<\/p>\n<hr \/>\n<p><a href=\"http:\/\/www.pr-neu.de\/newsroom\/wordpress\/wp-content\/uploads\/2019\/05\/19_03_isopure_G.jpg\" target=\"_blank\" rel=\"noopener noreferrer\"><img loading=\"lazy\" decoding=\"async\" class=\"aligncenter wp-image-10334 size-medium\" src=\"http:\/\/www.pr-neu.de\/newsroom\/wordpress\/wp-content\/uploads\/2019\/05\/19_03_isopure_G-300x200.jpg\" alt=\"\" width=\"300\" height=\"200\" srcset=\"https:\/\/www.pr-neu.de\/newsroom\/wordpress\/wp-content\/uploads\/2019\/05\/19_03_isopure_G-300x200.jpg 300w, https:\/\/www.pr-neu.de\/newsroom\/wordpress\/wp-content\/uploads\/2019\/05\/19_03_isopure_G-768x512.jpg 768w, https:\/\/www.pr-neu.de\/newsroom\/wordpress\/wp-content\/uploads\/2019\/05\/19_03_isopure_G-1024x683.jpg 1024w, https:\/\/www.pr-neu.de\/newsroom\/wordpress\/wp-content\/uploads\/2019\/05\/19_03_isopure_G-110x73.jpg 110w, https:\/\/www.pr-neu.de\/newsroom\/wordpress\/wp-content\/uploads\/2019\/05\/19_03_isopure_G-420x280.jpg 420w, https:\/\/www.pr-neu.de\/newsroom\/wordpress\/wp-content\/uploads\/2019\/05\/19_03_isopure_G-645x430.jpg 645w, https:\/\/www.pr-neu.de\/newsroom\/wordpress\/wp-content\/uploads\/2019\/05\/19_03_isopure_G.jpg 1795w\" sizes=\"auto, (max-width: 300px) 100vw, 300px\" \/><\/a><\/p>\n<p style=\"text-align: center;\">Ein Spacer aus Glas: Mit \u201esedak isopure\u201c entstehen<br \/>\nIsoliergl\u00e4ser, die Transparenz bis zur Fuge bieten.<br \/>\nFotos: sedak GmbH &amp; Co. KG | Ren\u00e9 M\u00fcller<\/p>\n<p><a href=\"http:\/\/www.pr-neu.de\/newsroom\/wordpress\/wp-content\/uploads\/2019\/05\/19-03_sedak_clear-edge_G.jpg\" target=\"_blank\" rel=\"noopener noreferrer\"><img loading=\"lazy\" decoding=\"async\" class=\"aligncenter wp-image-10333 size-medium\" src=\"http:\/\/www.pr-neu.de\/newsroom\/wordpress\/wp-content\/uploads\/2019\/05\/19-03_sedak_clear-edge_G-300x200.jpg\" alt=\"\" width=\"300\" height=\"200\" srcset=\"https:\/\/www.pr-neu.de\/newsroom\/wordpress\/wp-content\/uploads\/2019\/05\/19-03_sedak_clear-edge_G-300x200.jpg 300w, https:\/\/www.pr-neu.de\/newsroom\/wordpress\/wp-content\/uploads\/2019\/05\/19-03_sedak_clear-edge_G-768x512.jpg 768w, https:\/\/www.pr-neu.de\/newsroom\/wordpress\/wp-content\/uploads\/2019\/05\/19-03_sedak_clear-edge_G-1024x683.jpg 1024w, https:\/\/www.pr-neu.de\/newsroom\/wordpress\/wp-content\/uploads\/2019\/05\/19-03_sedak_clear-edge_G-110x73.jpg 110w, https:\/\/www.pr-neu.de\/newsroom\/wordpress\/wp-content\/uploads\/2019\/05\/19-03_sedak_clear-edge_G-420x280.jpg 420w, https:\/\/www.pr-neu.de\/newsroom\/wordpress\/wp-content\/uploads\/2019\/05\/19-03_sedak_clear-edge_G-645x430.jpg 645w, https:\/\/www.pr-neu.de\/newsroom\/wordpress\/wp-content\/uploads\/2019\/05\/19-03_sedak_clear-edge_G.jpg 1795w\" sizes=\"auto, (max-width: 300px) 100vw, 300px\" \/><\/a><\/p>\n<p style=\"text-align: center;\">\u201esedak clear-edge\u201c sch\u00fctzt Laminate auf der offenen Kante wirkungsvoll<br \/>\nund nahezu unsichtbar. Zum Einsatz kommt die auflaminierte Glasleiste zum<br \/>\nBeispiel bei Br\u00fcstungen (links) oder auch bei tragenden Glasfins (rechts).<br \/>\nFoto: sedak GmbH &amp; Co. KG | Ren\u00e9 M\u00fcller<\/p>\n<p><a href=\"http:\/\/www.pr-neu.de\/newsroom\/wordpress\/wp-content\/uploads\/2019\/05\/19-03_sedak_clear-edge_2_G.jpg\" target=\"_blank\" rel=\"noopener noreferrer\"><img loading=\"lazy\" decoding=\"async\" class=\"aligncenter wp-image-10332 size-medium\" src=\"http:\/\/www.pr-neu.de\/newsroom\/wordpress\/wp-content\/uploads\/2019\/05\/19-03_sedak_clear-edge_2_G-300x200.jpg\" alt=\"\" width=\"300\" height=\"200\" srcset=\"https:\/\/www.pr-neu.de\/newsroom\/wordpress\/wp-content\/uploads\/2019\/05\/19-03_sedak_clear-edge_2_G-300x200.jpg 300w, https:\/\/www.pr-neu.de\/newsroom\/wordpress\/wp-content\/uploads\/2019\/05\/19-03_sedak_clear-edge_2_G-768x512.jpg 768w, https:\/\/www.pr-neu.de\/newsroom\/wordpress\/wp-content\/uploads\/2019\/05\/19-03_sedak_clear-edge_2_G-1024x683.jpg 1024w, https:\/\/www.pr-neu.de\/newsroom\/wordpress\/wp-content\/uploads\/2019\/05\/19-03_sedak_clear-edge_2_G-110x73.jpg 110w, https:\/\/www.pr-neu.de\/newsroom\/wordpress\/wp-content\/uploads\/2019\/05\/19-03_sedak_clear-edge_2_G-420x280.jpg 420w, https:\/\/www.pr-neu.de\/newsroom\/wordpress\/wp-content\/uploads\/2019\/05\/19-03_sedak_clear-edge_2_G-645x430.jpg 645w, https:\/\/www.pr-neu.de\/newsroom\/wordpress\/wp-content\/uploads\/2019\/05\/19-03_sedak_clear-edge_2_G.jpg 1975w\" sizes=\"auto, (max-width: 300px) 100vw, 300px\" \/><\/a><\/p>\n<p style=\"text-align: center;\">\u201esedak clear-edge\u201c sch\u00fctzt Laminate auf der offenen Kante wirkungsvoll<br \/>\nund nahezu unsichtbar. Zum Einsatz kommt die auflaminierte Glasleiste zum<br \/>\nBeispiel bei Br\u00fcstungen (links) oder auch bei tragenden Glasfins (rechts).<br \/>\nFoto: sedak GmbH &amp; Co. KG | Ren\u00e9 M\u00fcller<\/p>\n<hr \/>\n<p><strong>R\u00fcckfragen beantwortet gern<\/strong><\/p>\n<table>\n<tbody>\n<tr>\n<td valign=\"top\" width=\"260\" height=\"25\"><strong>sedak GmbH &amp; Co. KG<br \/>\n<\/strong>Tatjana Vinkovic<br \/>\nTel.: +49(0)821\/2494-823<br \/>\nFax: +49(0)821\/2494-777<br \/>\nE-Mail: <a href=\"&#x6d;a&#x69;&#108;&#x74;&#111;&#x3a;&#x74;a&#x74;&#106;&#x61;&#110;&#x61;&#46;v&#x69;&#110;&#x6b;&#111;&#x76;&#105;c&#x40;&#115;&#x65;&#100;&#x61;&#107;&#46;&#x63;o&#x6d;\">tatjan&#97;&#46;&#118;&#105;&#110;&#107;&#111;&#x76;&#x69;&#x63;&#x40;&#x73;&#x65;&#x64;&#x61;&#x6b;&#x2e;&#x63;&#x6f;m<\/a><\/td>\n<td colspan=\"3\" valign=\"top\" width=\"260\" height=\"21\"><\/td>\n<\/tr>\n<\/tbody>\n<\/table>\n<p>Abdruck honorarfrei, Belegexemplar erbeten<\/p>\n<hr noshade=\"noshade\" size=\"1\" \/>\n<p><strong>Leading glass<\/strong><\/p>\n<p>Der Glasveredler sedak (Gersthofen), gegr\u00fcndet 2007, hat sich mit mittlerweile 170 Mitarbeitern zum weltweiten Technologie- und Innovationsf\u00fchrer f\u00fcr gro\u00dfformatige Isolier- und Sicherheitsgl\u00e4ser entwickelt. Nach zehnj\u00e4hriger Erfahrung in der Produktion von Scheiben in \u00dcbergr\u00f6\u00dfen und dem kontinuierlichen Ausbau der Automatisierung, gilt sedak als wegweisender Spezialist in diesem know-how-intensiven Segment. Die Scheiben reichen bis 3,51 x 20 Meter \u2013 bearbeitet, vorgespannt, laminiert, bedruckt, beschichtet und laminationsgebogen. Kernkompetenzen sind Glaslamination, Kantenbearbeitung und das Spezialwissen bei der Produktion von Glasbauteilen mit zus\u00e4tzlichen funktionalen und dekorativen Elementen. Die Fertigung ist auf die extremen Glasgr\u00f6\u00dfen und -gewichte optimiert, s\u00e4mtliche Veredelungsschritte erfolgen inhouse und hochautomatisiert. Als Full-Supplier f\u00fcr Gl\u00e4ser bis 20 Meter versteht sich sedak als Partner f\u00fcr Architekten, Planer und Fassadenbauer. Herausragende Referenzen sind u. a. das Haus der Europ\u00e4ischen Geschichte in Br\u00fcssel, die medizinische Fakult\u00e4t in Montpellier, der Torre Europa in Madrid, der Brookfield Place New York, die UNO Genf, der Apple Park in Cupertino, der Apple-Cube New York, die Experimenta in Heilbronn sowie zahlreiche eindrucksvolle Premium-Flagship-Stores weltweit.<\/p>\n<hr noshade=\"noshade\" size=\"1\" \/>\n<p><strong>Anwendungsgebiete<\/strong><\/p>\n<ul>\n<li>Glasfassaden<\/li>\n<li>Glasd\u00e4cher<\/li>\n<li>Glastreppen<\/li>\n<li>Glasbr\u00fcstungen<\/li>\n<li>Schiffsbau<\/li>\n<li>Sicherheitsverglasungen<\/li>\n<li>Ganzglaskonstruktionen<\/li>\n<li>Innenarchitektur<\/li>\n<li>Sonderanfertigung<\/li>\n<\/ul>\n","protected":false},"excerpt":{"rendered":"<p>Glass Performance Days (Tampere): sedak pr\u00e4sentiert isopure und clear-edge Auf den internationalen Glass Performance Days 2019 in Tampere, Finnland (26. bis 28. Juni) diskutiert das Fach-Publikum k\u00fcnftige Trends und Optimierungsm\u00f6glichkeiten des Werkstoffs Glas im Bauwesen. sedak (Gersthofen) zeigt auf der angeschlossenen Ausstellung mit \u201esedak clear-edge\u201c und \u201esedak isopure\u201c zwei neue Produkte, die f\u00fcr Glaselemente und [&hellip;]<\/p>\n","protected":false},"author":6,"featured_media":10334,"comment_status":"closed","ping_status":"open","sticky":false,"template":"","format":"standard","meta":{"footnotes":""},"categories":[12],"tags":[],"class_list":["post-10330","post","type-post","status-publish","format-standard","has-post-thumbnail","hentry","category-sedak"],"_links":{"self":[{"href":"https:\/\/www.pr-neu.de\/newsroom\/wp-json\/wp\/v2\/posts\/10330","targetHints":{"allow":["GET"]}}],"collection":[{"href":"https:\/\/www.pr-neu.de\/newsroom\/wp-json\/wp\/v2\/posts"}],"about":[{"href":"https:\/\/www.pr-neu.de\/newsroom\/wp-json\/wp\/v2\/types\/post"}],"author":[{"embeddable":true,"href":"https:\/\/www.pr-neu.de\/newsroom\/wp-json\/wp\/v2\/users\/6"}],"replies":[{"embeddable":true,"href":"https:\/\/www.pr-neu.de\/newsroom\/wp-json\/wp\/v2\/comments?post=10330"}],"version-history":[{"count":3,"href":"https:\/\/www.pr-neu.de\/newsroom\/wp-json\/wp\/v2\/posts\/10330\/revisions"}],"predecessor-version":[{"id":11609,"href":"https:\/\/www.pr-neu.de\/newsroom\/wp-json\/wp\/v2\/posts\/10330\/revisions\/11609"}],"wp:featuredmedia":[{"embeddable":true,"href":"https:\/\/www.pr-neu.de\/newsroom\/wp-json\/wp\/v2\/media\/10334"}],"wp:attachment":[{"href":"https:\/\/www.pr-neu.de\/newsroom\/wp-json\/wp\/v2\/media?parent=10330"}],"wp:term":[{"taxonomy":"category","embeddable":true,"href":"https:\/\/www.pr-neu.de\/newsroom\/wp-json\/wp\/v2\/categories?post=10330"},{"taxonomy":"post_tag","embeddable":true,"href":"https:\/\/www.pr-neu.de\/newsroom\/wp-json\/wp\/v2\/tags?post=10330"}],"curies":[{"name":"wp","href":"https:\/\/api.w.org\/{rel}","templated":true}]}}