{"id":1030,"date":"2012-02-08T15:43:15","date_gmt":"2012-02-08T14:43:15","guid":{"rendered":"http:\/\/www.pr-nord.de\/newsroom\/?p=1030"},"modified":"2020-05-29T08:41:43","modified_gmt":"2020-05-29T06:41:43","slug":"so-wird-die-garage-zum-hingucker","status":"publish","type":"post","link":"https:\/\/www.pr-neu.de\/newsroom\/so-wird-die-garage-zum-hingucker\/","title":{"rendered":"So wird die Garage zum Hingucker"},"content":{"rendered":"<table border=\"0\" width=\"520\" cellspacing=\"0\" cellpadding=\"0\">\n<tbody>\n<tr>\n<td><u>Neue Trendfarben f\u00fcr Garagentore<\/u><\/p>\n<p><strong>So wird die Garage zum Hingucker<\/strong><\/p>\n<p><strong>Mit au\u00dfergew\u00f6hnlichen Farbt\u00f6nen l\u00e4sst sich die Stra\u00dfenseite von Haus und Garage attraktiv gestalten. Teckentrup (Verl) stellt jetzt zwei neue Nuancen mit metallischem Effekt f\u00fcr Garagentore vor: Ein edler Braunton (TT 8014) und ein geschmackvoller Anthrazit-Ton (TT 9011). Insgesamt bietet das Unternehmen mehr als 15 Trendfarben auf vier unterschiedlichen Strukturen f\u00fcr die Garagentor-Serie CarTeck GSW 40.<\/strong><\/p>\n<p>Trostlose, eint\u00f6nige Geb\u00e4ude-Fronten geh\u00f6ren der Vergangenheit an. Mit farbigen, strukturierten Garagentoren lassen sich zum Beispiel individuelle Akzente setzen. Neue Trendfarben des Verler Tor-Hersteller Teckentrup erweitern jetzt den Gestaltungsspielraum. Besonderer Blickfang sind die exklusiven Farbt\u00f6ne TT 8014 und TT 9011. Auch der Farbton TT 703 \u2013 ein elegantes Grau \u2013 ist mit Eisenglimmerpartikeln versehen. Diese Partikel f\u00fchren zu einem attraktiven, metallischen Effekt, wodurch das Garagentor mit einem edlen Glanz strahlt. Neu aufgenommen im F\u00e4cher der Vorzugsfarben ist stahlblau (RAL 5011).<\/p>\n<p>Wem die breite Farbpalette von mehr als 15 Trendfarben nicht gen\u00fcgt, kann \u201esein Tor\u201c auch in nahezu jedem RAL-Farbton erhalten \u2013 da ist garantiert f\u00fcr jeden Geschmack das Passende dabei. So l\u00e4sst sich das Garagentor individuell an den Hausstil anpassen, ob lebendiges Feuerrot, kr\u00e4ftiges Enzianblau oder zartes Moosgr\u00fcn. Zu einer modernen Architektur passen h\u00e4ufig auch die \u201eunbunten\u201c Farben. F\u00fcr diesen Stil h\u00e4lt der Torspezialist abgestufte Graut\u00f6ne im Programm. Verschiedene Holzdekore erm\u00f6glichen alternativ eine rustikale Optik.<\/p>\n<p>Damit sich Bauherren direkt in die Planung st\u00fcrzen k\u00f6nnen, gibt es auf www.teckentrup.biz den CarTeck-Garagentor-Konfigurator: Foto hochladen, das gew\u00fcnschte Modell ausw\u00e4hlen und nach Lust und Laune mit Optik, Farbe und Oberfl\u00e4che experimentieren.<\/p>\n<hr noshade=\"noshade\" size=\"1\" \/>\n<table border=\"0\" width=\"100{ab9cb22b1639c68dfef7c1751c9d63405358944ce3964465eb35eb6b5b6beaaa}\" cellspacing=\"0\" cellpadding=\"0\">\n<tbody>\n<tr>\n<td valign=\"top\" width=\"370\"><a href=\"http:\/\/www.pr-neu.de\/newsroom\/wordpress\/wp-content\/uploads\/2012\/02\/12-04-Netto-Plusenergiehaus_1_G.jpg\"><img loading=\"lazy\" decoding=\"async\" class=\"size-medium wp-image-13283\" src=\"http:\/\/www.pr-neu.de\/newsroom\/wordpress\/wp-content\/uploads\/2012\/02\/12-04-Netto-Plusenergiehaus_1_G-300x201.jpg\" alt=\"\" width=\"300\" height=\"201\" srcset=\"https:\/\/www.pr-neu.de\/newsroom\/wordpress\/wp-content\/uploads\/2012\/02\/12-04-Netto-Plusenergiehaus_1_G-300x201.jpg 300w, https:\/\/www.pr-neu.de\/newsroom\/wordpress\/wp-content\/uploads\/2012\/02\/12-04-Netto-Plusenergiehaus_1_G-1024x687.jpg 1024w, https:\/\/www.pr-neu.de\/newsroom\/wordpress\/wp-content\/uploads\/2012\/02\/12-04-Netto-Plusenergiehaus_1_G-768x516.jpg 768w, https:\/\/www.pr-neu.de\/newsroom\/wordpress\/wp-content\/uploads\/2012\/02\/12-04-Netto-Plusenergiehaus_1_G-1536x1031.jpg 1536w, https:\/\/www.pr-neu.de\/newsroom\/wordpress\/wp-content\/uploads\/2012\/02\/12-04-Netto-Plusenergiehaus_1_G-110x74.jpg 110w, https:\/\/www.pr-neu.de\/newsroom\/wordpress\/wp-content\/uploads\/2012\/02\/12-04-Netto-Plusenergiehaus_1_G-420x282.jpg 420w, https:\/\/www.pr-neu.de\/newsroom\/wordpress\/wp-content\/uploads\/2012\/02\/12-04-Netto-Plusenergiehaus_1_G-641x430.jpg 641w, https:\/\/www.pr-neu.de\/newsroom\/wordpress\/wp-content\/uploads\/2012\/02\/12-04-Netto-Plusenergiehaus_1_G.jpg 1795w\" sizes=\"auto, (max-width: 300px) 100vw, 300px\" \/><\/a><\/td>\n<td>Moderne Architektur \u2013 von Anfang an: Schon die Eingangssituation mit Garagenzufahrt und Zugang zum Grundst\u00fcck ist architektonisch anspruchsvoll gestaltet.<\/p>\n<p>Bild: Teckentrup<\/td>\n<\/tr>\n<tr>\n<td valign=\"top\" width=\"370\"><a href=\"http:\/\/www.pr-neu.de\/newsroom\/wordpress\/wp-content\/uploads\/2012\/02\/12-04-Trendfarben_G.jpg\"><img loading=\"lazy\" decoding=\"async\" class=\"size-medium wp-image-13284\" src=\"http:\/\/www.pr-neu.de\/newsroom\/wordpress\/wp-content\/uploads\/2012\/02\/12-04-Trendfarben_G-300x201.jpg\" alt=\"\" width=\"300\" height=\"201\" srcset=\"https:\/\/www.pr-neu.de\/newsroom\/wordpress\/wp-content\/uploads\/2012\/02\/12-04-Trendfarben_G-300x201.jpg 300w, https:\/\/www.pr-neu.de\/newsroom\/wordpress\/wp-content\/uploads\/2012\/02\/12-04-Trendfarben_G-1024x687.jpg 1024w, https:\/\/www.pr-neu.de\/newsroom\/wordpress\/wp-content\/uploads\/2012\/02\/12-04-Trendfarben_G-768x516.jpg 768w, https:\/\/www.pr-neu.de\/newsroom\/wordpress\/wp-content\/uploads\/2012\/02\/12-04-Trendfarben_G-1536x1031.jpg 1536w, https:\/\/www.pr-neu.de\/newsroom\/wordpress\/wp-content\/uploads\/2012\/02\/12-04-Trendfarben_G-110x74.jpg 110w, https:\/\/www.pr-neu.de\/newsroom\/wordpress\/wp-content\/uploads\/2012\/02\/12-04-Trendfarben_G-420x282.jpg 420w, https:\/\/www.pr-neu.de\/newsroom\/wordpress\/wp-content\/uploads\/2012\/02\/12-04-Trendfarben_G-641x430.jpg 641w, https:\/\/www.pr-neu.de\/newsroom\/wordpress\/wp-content\/uploads\/2012\/02\/12-04-Trendfarben_G.jpg 1795w\" sizes=\"auto, (max-width: 300px) 100vw, 300px\" \/><\/a><\/td>\n<td>Farben mit metallischem Effekt: Eisenglimmer-Zus\u00e4tze geben den neuen Farbt\u00f6nen f\u00fcr die Teckentrup-Garagentorserie \u201eCarTeck GSW 40\u201c einen subtilen Schimmer.<\/p>\n<p>Bild: Teckentrup<\/td>\n<\/tr>\n<tr>\n<td valign=\"top\" width=\"370\"><a href=\"http:\/\/www.pr-neu.de\/newsroom\/wordpress\/wp-content\/uploads\/2012\/02\/12-04-Trendfarben3_G.jpg\"><img loading=\"lazy\" decoding=\"async\" class=\"size-medium wp-image-13285\" src=\"http:\/\/www.pr-neu.de\/newsroom\/wordpress\/wp-content\/uploads\/2012\/02\/12-04-Trendfarben3_G-237x300.jpg\" alt=\"\" width=\"237\" height=\"300\" srcset=\"https:\/\/www.pr-neu.de\/newsroom\/wordpress\/wp-content\/uploads\/2012\/02\/12-04-Trendfarben3_G-237x300.jpg 237w, https:\/\/www.pr-neu.de\/newsroom\/wordpress\/wp-content\/uploads\/2012\/02\/12-04-Trendfarben3_G-87x110.jpg 87w, https:\/\/www.pr-neu.de\/newsroom\/wordpress\/wp-content\/uploads\/2012\/02\/12-04-Trendfarben3_G-331x420.jpg 331w, https:\/\/www.pr-neu.de\/newsroom\/wordpress\/wp-content\/uploads\/2012\/02\/12-04-Trendfarben3_G-339x430.jpg 339w, https:\/\/www.pr-neu.de\/newsroom\/wordpress\/wp-content\/uploads\/2012\/02\/12-04-Trendfarben3_G.jpg 756w\" sizes=\"auto, (max-width: 237px) 100vw, 237px\" \/><\/a><\/td>\n<td>Bild: Teckentrup<\/td>\n<\/tr>\n<\/tbody>\n<\/table>\n<hr noshade=\"noshade\" size=\"1\" \/>\n<p>Abdruck honorarfrei, Belegexemplar erbeten<\/p>\n<p>R\u00fcckfragen beantwortet gern:<\/p>\n<p><strong>Teckentrup<\/strong> GmbH &amp; Co. KG<br \/>\nThomas Moldrickx<br \/>\nTel.: 05246 \/ 5 04-350 \/ Fax: -173<br \/>\nE-Mail: <a href=\"&#109;&#x61;&#x69;l&#116;&#x6f;:&#116;&#x68;o&#109;&#x61;s&#46;&#x6d;&#x6f;&#108;&#x64;&#x72;i&#99;&#x6b;x&#64;&#x74;e&#99;&#x6b;&#x65;&#110;&#x74;&#x72;u&#112;&#x2e;b&#105;&#x7a;\">&#x74;&#104;o&#x6d;&#97;s&#x2e;&#109;o&#x6c;&#100;r&#x69;&#99;k&#x78;&#x40;t&#x65;&#x63;&#107;&#x65;&#x6e;&#116;&#x72;&#x75;&#112;&#46;&#x62;&#105;z<\/a><\/td>\n<\/tr>\n<\/tbody>\n<\/table>\n<table border=\"0\" width=\"95{ab9cb22b1639c68dfef7c1751c9d63405358944ce3964465eb35eb6b5b6beaaa}\">\n<tbody>\n<tr>\n<td><\/td>\n<\/tr>\n<\/tbody>\n<\/table>\n","protected":false},"excerpt":{"rendered":"<p>Neue Trendfarben f\u00fcr Garagentore So wird die Garage zum Hingucker Mit au\u00dfergew\u00f6hnlichen Farbt\u00f6nen l\u00e4sst sich die Stra\u00dfenseite von Haus und Garage attraktiv gestalten. Teckentrup (Verl) stellt jetzt zwei neue Nuancen mit metallischem Effekt f\u00fcr Garagentore vor: Ein edler Braunton (TT 8014) und ein geschmackvoller Anthrazit-Ton (TT 9011). Insgesamt bietet das Unternehmen mehr als 15 Trendfarben [&hellip;]<\/p>\n","protected":false},"author":6,"featured_media":0,"comment_status":"closed","ping_status":"open","sticky":false,"template":"","format":"standard","meta":{"footnotes":""},"categories":[3,18],"tags":[102,217,218,565,577,586,587],"class_list":["post-1030","post","type-post","status-publish","format-standard","hentry","category-kundenmeldungen","category-teckentrup","tag-carteck","tag-garage","tag-garagentor","tag-teckentrup","tag-tor","tag-tt-8014","tag-tt-9011"],"_links":{"self":[{"href":"https:\/\/www.pr-neu.de\/newsroom\/wp-json\/wp\/v2\/posts\/1030","targetHints":{"allow":["GET"]}}],"collection":[{"href":"https:\/\/www.pr-neu.de\/newsroom\/wp-json\/wp\/v2\/posts"}],"about":[{"href":"https:\/\/www.pr-neu.de\/newsroom\/wp-json\/wp\/v2\/types\/post"}],"author":[{"embeddable":true,"href":"https:\/\/www.pr-neu.de\/newsroom\/wp-json\/wp\/v2\/users\/6"}],"replies":[{"embeddable":true,"href":"https:\/\/www.pr-neu.de\/newsroom\/wp-json\/wp\/v2\/comments?post=1030"}],"version-history":[{"count":4,"href":"https:\/\/www.pr-neu.de\/newsroom\/wp-json\/wp\/v2\/posts\/1030\/revisions"}],"predecessor-version":[{"id":13287,"href":"https:\/\/www.pr-neu.de\/newsroom\/wp-json\/wp\/v2\/posts\/1030\/revisions\/13287"}],"wp:attachment":[{"href":"https:\/\/www.pr-neu.de\/newsroom\/wp-json\/wp\/v2\/media?parent=1030"}],"wp:term":[{"taxonomy":"category","embeddable":true,"href":"https:\/\/www.pr-neu.de\/newsroom\/wp-json\/wp\/v2\/categories?post=1030"},{"taxonomy":"post_tag","embeddable":true,"href":"https:\/\/www.pr-neu.de\/newsroom\/wp-json\/wp\/v2\/tags?post=1030"}],"curies":[{"name":"wp","href":"https:\/\/api.w.org\/{rel}","templated":true}]}}