{"id":10276,"date":"2019-04-17T16:05:15","date_gmt":"2019-04-17T14:05:15","guid":{"rendered":"http:\/\/www.pr-nord.de\/newsroom\/?p=10276"},"modified":"2020-05-19T09:43:26","modified_gmt":"2020-05-19T07:43:26","slug":"identiaetsstiftend-skulpturaler-sakralbau","status":"publish","type":"post","link":"https:\/\/www.pr-neu.de\/newsroom\/identiaetsstiftend-skulpturaler-sakralbau\/","title":{"rendered":"Identit\u00e4tsstiftend: Skulpturaler Sakralbau"},"content":{"rendered":"<p><u>Kirche St. Ana, Rijeka<\/u><\/p>\n<p>Von Weitem sichtbar pr\u00e4gt die skulptural ausgeformte neue Kirche St. Ana (Architekt: Urbis, Pula\/ Kroaien) einen Knoten\u00adpunkt Rijekas. Wie eine Klammer verbindet der identit\u00e4ts\u00adstiftende Neubau das benachbarte Gemeindezentrum und eine angrenzende Park\ufb02\u00e4che zu einer Einheit. Architektonisch interessant ist zum einen die H\u00fclle \u2013 der Kirchturm, der an Origami erinnert, sowie die gro\u00dfen, unterbrechungsfreien Fl\u00e4chen. Hierf\u00fcr w\u00e4hlten die Planer eine vorgeh\u00e4ngte, hinter\u00adl\u00fcftete Fassadenkonstruktion (StoVentec R) mit wei\u00dfem Putz als \u00e4u\u00dferem Abschluss. Ebenso au\u00dfergew\u00f6hnlich wirkt ihr r\u00e4umliches Konzept, das die \u00f6ffentliche Sph\u00e4re von den sakralen Innenr\u00e4ume trennt und dabei attraktive \u00dcberg\u00e4nge schafft. Mit dem Vorbau \u00fcberragt das Kirchenschiff den Ein\u00adgang, der zugleich \u00f6ffentlicher Platz ist. Durch den Einschnitt in das Volumen gewinnt das Bauwerk Leichtigkeit und wirkt weniger massiv. Unterhalb des Vorbaus betritt der Besucher ein gro\u00dfes Foyer, das Schutz und Intimit\u00e4t bietet und mit diffuser Lichtstimmung auf den Gottesdienst einstimmt. Im Kirchenschiff verleiht das Wechselspiel aus Licht und Schatten den R\u00e4umen zus\u00e4tzliche Plastizit\u00e4t. Tageslicht str\u00f6mt durch die rippen\u00adf\u00f6rmigen Fenster auf Altar und Taufstein. Die seitlich verlau\u00adfende, an einen Kreuzgang erinnernde Passage bietet eine Verbindung zu den benachbarten Gr\u00fcn\ufb02\u00e4chen des Parks.<\/p>\n<hr \/>\n<p><a href=\"http:\/\/www.pr-neu.de\/newsroom\/wordpress\/wp-content\/uploads\/2019\/04\/18-32_St-ana-1_G.jpg\" target=\"_blank\" rel=\"noopener noreferrer\"><img loading=\"lazy\" decoding=\"async\" class=\"aligncenter wp-image-10277 size-medium\" src=\"http:\/\/www.pr-neu.de\/newsroom\/wordpress\/wp-content\/uploads\/2019\/04\/18-32_St-ana-1_G-300x300.jpg\" alt=\"\" width=\"300\" height=\"300\" srcset=\"https:\/\/www.pr-neu.de\/newsroom\/wordpress\/wp-content\/uploads\/2019\/04\/18-32_St-ana-1_G-300x300.jpg 300w, https:\/\/www.pr-neu.de\/newsroom\/wordpress\/wp-content\/uploads\/2019\/04\/18-32_St-ana-1_G-150x150.jpg 150w, https:\/\/www.pr-neu.de\/newsroom\/wordpress\/wp-content\/uploads\/2019\/04\/18-32_St-ana-1_G-768x768.jpg 768w, https:\/\/www.pr-neu.de\/newsroom\/wordpress\/wp-content\/uploads\/2019\/04\/18-32_St-ana-1_G-1024x1024.jpg 1024w, https:\/\/www.pr-neu.de\/newsroom\/wordpress\/wp-content\/uploads\/2019\/04\/18-32_St-ana-1_G-250x250.jpg 250w, https:\/\/www.pr-neu.de\/newsroom\/wordpress\/wp-content\/uploads\/2019\/04\/18-32_St-ana-1_G-125x125.jpg 125w, https:\/\/www.pr-neu.de\/newsroom\/wordpress\/wp-content\/uploads\/2019\/04\/18-32_St-ana-1_G-110x110.jpg 110w, https:\/\/www.pr-neu.de\/newsroom\/wordpress\/wp-content\/uploads\/2019\/04\/18-32_St-ana-1_G-420x420.jpg 420w, https:\/\/www.pr-neu.de\/newsroom\/wordpress\/wp-content\/uploads\/2019\/04\/18-32_St-ana-1_G-430x430.jpg 430w, https:\/\/www.pr-neu.de\/newsroom\/wordpress\/wp-content\/uploads\/2019\/04\/18-32_St-ana-1_G.jpg 1975w\" sizes=\"auto, (max-width: 300px) 100vw, 300px\" \/><\/a><\/p>\n<p style=\"text-align: center;\">Durch die skulpturale Form und die gezielte Tageslicht-Steuerung erh\u00e4lt die Kirche St. Ana in Rijeka ihre beeindruckende Aura.\u00a0Modern und sakral: Die Architektur der Kirche St. Ana findet eine aktuelle Ausdrucksform f\u00fcr heutige Kirchenbauten.<\/p>\n<p style=\"text-align: center;\">Bild: Francesco Scarpa, Berlin, DE;<br \/>\nRobert Le\u0161, Zagreb, HR<\/p>\n<p><a href=\"http:\/\/www.pr-neu.de\/newsroom\/wordpress\/wp-content\/uploads\/2019\/04\/18-32_St-ana-2_G.jpg\" target=\"_blank\" rel=\"noopener noreferrer\"><img loading=\"lazy\" decoding=\"async\" class=\"aligncenter wp-image-10278 size-medium\" src=\"http:\/\/www.pr-neu.de\/newsroom\/wordpress\/wp-content\/uploads\/2019\/04\/18-32_St-ana-2_G-300x300.jpg\" alt=\"\" width=\"300\" height=\"300\" srcset=\"https:\/\/www.pr-neu.de\/newsroom\/wordpress\/wp-content\/uploads\/2019\/04\/18-32_St-ana-2_G-300x300.jpg 300w, https:\/\/www.pr-neu.de\/newsroom\/wordpress\/wp-content\/uploads\/2019\/04\/18-32_St-ana-2_G-150x150.jpg 150w, https:\/\/www.pr-neu.de\/newsroom\/wordpress\/wp-content\/uploads\/2019\/04\/18-32_St-ana-2_G-768x768.jpg 768w, https:\/\/www.pr-neu.de\/newsroom\/wordpress\/wp-content\/uploads\/2019\/04\/18-32_St-ana-2_G-1024x1024.jpg 1024w, https:\/\/www.pr-neu.de\/newsroom\/wordpress\/wp-content\/uploads\/2019\/04\/18-32_St-ana-2_G-250x250.jpg 250w, https:\/\/www.pr-neu.de\/newsroom\/wordpress\/wp-content\/uploads\/2019\/04\/18-32_St-ana-2_G-125x125.jpg 125w, https:\/\/www.pr-neu.de\/newsroom\/wordpress\/wp-content\/uploads\/2019\/04\/18-32_St-ana-2_G-110x110.jpg 110w, https:\/\/www.pr-neu.de\/newsroom\/wordpress\/wp-content\/uploads\/2019\/04\/18-32_St-ana-2_G-420x420.jpg 420w, https:\/\/www.pr-neu.de\/newsroom\/wordpress\/wp-content\/uploads\/2019\/04\/18-32_St-ana-2_G-430x430.jpg 430w, https:\/\/www.pr-neu.de\/newsroom\/wordpress\/wp-content\/uploads\/2019\/04\/18-32_St-ana-2_G.jpg 1975w\" sizes=\"auto, (max-width: 300px) 100vw, 300px\" \/><\/a><\/p>\n<p style=\"text-align: center;\">Durch die skulpturale Form und die gezielte Tageslicht-Steuerung erh\u00e4lt die Kirche St. Ana in Rijeka ihre beeindruckende Aura.\u00a0Modern und sakral: Die Architektur der Kirche St. Ana findet eine aktuelle Ausdrucksform f\u00fcr heutige Kirchenbauten.<\/p>\n<p style=\"text-align: center;\">Bild: Francesco Scarpa, Berlin, DE;<br \/>\nRobert Le\u0161, Zagreb, HR<\/p>\n<p><a href=\"http:\/\/www.pr-neu.de\/newsroom\/wordpress\/wp-content\/uploads\/2019\/04\/18-32_St-ana-3_G.jpg\" target=\"_blank\" rel=\"noopener noreferrer\"><img loading=\"lazy\" decoding=\"async\" class=\"aligncenter wp-image-10279 size-medium\" src=\"http:\/\/www.pr-neu.de\/newsroom\/wordpress\/wp-content\/uploads\/2019\/04\/18-32_St-ana-3_G-258x300.jpg\" alt=\"\" width=\"258\" height=\"300\" srcset=\"https:\/\/www.pr-neu.de\/newsroom\/wordpress\/wp-content\/uploads\/2019\/04\/18-32_St-ana-3_G-258x300.jpg 258w, https:\/\/www.pr-neu.de\/newsroom\/wordpress\/wp-content\/uploads\/2019\/04\/18-32_St-ana-3_G-768x893.jpg 768w, https:\/\/www.pr-neu.de\/newsroom\/wordpress\/wp-content\/uploads\/2019\/04\/18-32_St-ana-3_G-881x1024.jpg 881w, https:\/\/www.pr-neu.de\/newsroom\/wordpress\/wp-content\/uploads\/2019\/04\/18-32_St-ana-3_G-95x110.jpg 95w, https:\/\/www.pr-neu.de\/newsroom\/wordpress\/wp-content\/uploads\/2019\/04\/18-32_St-ana-3_G-361x420.jpg 361w, https:\/\/www.pr-neu.de\/newsroom\/wordpress\/wp-content\/uploads\/2019\/04\/18-32_St-ana-3_G-370x430.jpg 370w, https:\/\/www.pr-neu.de\/newsroom\/wordpress\/wp-content\/uploads\/2019\/04\/18-32_St-ana-3_G.jpg 1699w\" sizes=\"auto, (max-width: 258px) 100vw, 258px\" \/><\/a><\/p>\n<p style=\"text-align: center;\">Durch die skulpturale Form und die gezielte Tageslicht-Steuerung erh\u00e4lt die Kirche St. Ana in Rijeka ihre beeindruckende Aura.\u00a0Modern und sakral: Die Architektur der Kirche St. Ana findet eine aktuelle Ausdrucksform f\u00fcr heutige Kirchenbauten.<\/p>\n<p style=\"text-align: center;\">Bild: Francesco Scarpa, Berlin, DE;<br \/>\nRobert Le\u0161, Zagreb, HR<\/p>\n<p><a href=\"http:\/\/www.pr-neu.de\/newsroom\/wordpress\/wp-content\/uploads\/2019\/04\/18-32_St-ana-4_G.jpg\" target=\"_blank\" rel=\"noopener noreferrer\"><img loading=\"lazy\" decoding=\"async\" class=\"aligncenter wp-image-10280 size-medium\" src=\"http:\/\/www.pr-neu.de\/newsroom\/wordpress\/wp-content\/uploads\/2019\/04\/18-32_St-ana-4_G-300x225.jpg\" alt=\"\" width=\"300\" height=\"225\" srcset=\"https:\/\/www.pr-neu.de\/newsroom\/wordpress\/wp-content\/uploads\/2019\/04\/18-32_St-ana-4_G-300x225.jpg 300w, https:\/\/www.pr-neu.de\/newsroom\/wordpress\/wp-content\/uploads\/2019\/04\/18-32_St-ana-4_G-768x576.jpg 768w, https:\/\/www.pr-neu.de\/newsroom\/wordpress\/wp-content\/uploads\/2019\/04\/18-32_St-ana-4_G-1024x768.jpg 1024w, https:\/\/www.pr-neu.de\/newsroom\/wordpress\/wp-content\/uploads\/2019\/04\/18-32_St-ana-4_G-110x82.jpg 110w, https:\/\/www.pr-neu.de\/newsroom\/wordpress\/wp-content\/uploads\/2019\/04\/18-32_St-ana-4_G-420x315.jpg 420w, https:\/\/www.pr-neu.de\/newsroom\/wordpress\/wp-content\/uploads\/2019\/04\/18-32_St-ana-4_G-573x430.jpg 573w, https:\/\/www.pr-neu.de\/newsroom\/wordpress\/wp-content\/uploads\/2019\/04\/18-32_St-ana-4_G.jpg 1975w\" sizes=\"auto, (max-width: 300px) 100vw, 300px\" \/><\/a><\/p>\n<p style=\"text-align: center;\">Durch die skulpturale Form und die gezielte Tageslicht-Steuerung erh\u00e4lt die Kirche St. Ana in Rijeka ihre beeindruckende Aura.\u00a0Modern und sakral: Die Architektur der Kirche St. Ana findet eine aktuelle Ausdrucksform f\u00fcr heutige Kirchenbauten.<\/p>\n<p style=\"text-align: center;\">Bild: Francesco Scarpa, Berlin, DE;<br \/>\nRobert Le\u0161, Zagreb, HR<\/p>\n<hr \/>\n<p>Abdruck honorarfrei, Belegexemplar erbeten<\/p>\n","protected":false},"excerpt":{"rendered":"<p>Kirche St. Ana, Rijeka Von Weitem sichtbar pr\u00e4gt die skulptural ausgeformte neue Kirche St. Ana (Architekt: Urbis, Pula\/ Kroaien) einen Knoten\u00adpunkt Rijekas. Wie eine Klammer verbindet der identit\u00e4ts\u00adstiftende Neubau das benachbarte Gemeindezentrum und eine angrenzende Park\ufb02\u00e4che zu einer Einheit. Architektonisch interessant ist zum einen die H\u00fclle \u2013 der Kirchturm, der an Origami erinnert, sowie die [&hellip;]<\/p>\n","protected":false},"author":8,"featured_media":10280,"comment_status":"closed","ping_status":"open","sticky":false,"template":"","format":"standard","meta":{"footnotes":""},"categories":[15],"tags":[],"class_list":["post-10276","post","type-post","status-publish","format-standard","has-post-thumbnail","hentry","category-sto"],"_links":{"self":[{"href":"https:\/\/www.pr-neu.de\/newsroom\/wp-json\/wp\/v2\/posts\/10276","targetHints":{"allow":["GET"]}}],"collection":[{"href":"https:\/\/www.pr-neu.de\/newsroom\/wp-json\/wp\/v2\/posts"}],"about":[{"href":"https:\/\/www.pr-neu.de\/newsroom\/wp-json\/wp\/v2\/types\/post"}],"author":[{"embeddable":true,"href":"https:\/\/www.pr-neu.de\/newsroom\/wp-json\/wp\/v2\/users\/8"}],"replies":[{"embeddable":true,"href":"https:\/\/www.pr-neu.de\/newsroom\/wp-json\/wp\/v2\/comments?post=10276"}],"version-history":[{"count":6,"href":"https:\/\/www.pr-neu.de\/newsroom\/wp-json\/wp\/v2\/posts\/10276\/revisions"}],"predecessor-version":[{"id":11759,"href":"https:\/\/www.pr-neu.de\/newsroom\/wp-json\/wp\/v2\/posts\/10276\/revisions\/11759"}],"wp:featuredmedia":[{"embeddable":true,"href":"https:\/\/www.pr-neu.de\/newsroom\/wp-json\/wp\/v2\/media\/10280"}],"wp:attachment":[{"href":"https:\/\/www.pr-neu.de\/newsroom\/wp-json\/wp\/v2\/media?parent=10276"}],"wp:term":[{"taxonomy":"category","embeddable":true,"href":"https:\/\/www.pr-neu.de\/newsroom\/wp-json\/wp\/v2\/categories?post=10276"},{"taxonomy":"post_tag","embeddable":true,"href":"https:\/\/www.pr-neu.de\/newsroom\/wp-json\/wp\/v2\/tags?post=10276"}],"curies":[{"name":"wp","href":"https:\/\/api.w.org\/{rel}","templated":true}]}}