{"id":10238,"date":"2019-04-15T09:45:38","date_gmt":"2019-04-15T07:45:38","guid":{"rendered":"http:\/\/www.pr-nord.de\/newsroom\/?p=10238"},"modified":"2019-04-15T10:40:16","modified_gmt":"2019-04-15T08:40:16","slug":"bauma-2019-starke-nachfrage-bei-entwaesserungs-und-baupumpen-sowie-mietservice-bei-xylem-water-solutions","status":"publish","type":"post","link":"https:\/\/www.pr-neu.de\/newsroom\/bauma-2019-starke-nachfrage-bei-entwaesserungs-und-baupumpen-sowie-mietservice-bei-xylem-water-solutions\/","title":{"rendered":"BAUMA 2019: Starke Nachfrage bei Entw\u00e4sserungs- und Baupumpen sowie Mietservice bei Xylem Water Solutions"},"content":{"rendered":"<ul>\n<li>Mieteinheit Xylem Rental Solutions bekommt einen Superhub in Bremen, Europas gr\u00f6\u00dften Mietpark an Baupumpen, Entw\u00e4sserungsl\u00f6sungen und Wasseraufbereitungsanlagen.<\/li>\n<\/ul>\n<p>&nbsp;<\/p>\n<p><strong>M\u00fcnchen, 15.04.2019 \u2013<\/strong> \u201eLet\u2019s redefine tough\u201c lautete das Motto des Wassertechnologie-Unternehmens Xylem Water Solutions Deutschland auf der diesj\u00e4hrigen Bauma. Mit einem breiten Angebot an Entw\u00e4sserungsl\u00f6sungen und Baupumpen sowie der Neueinf\u00fchrung der Serie Godwin CD150S pr\u00e4sentierte Xylem L\u00f6sungen f\u00fcr die anspruchsvollsten Projekte auf den Baustellen und in den Minen dieser Welt. Mit dem Mietservice \u201eXylem Rental Solutions\u201c ist Xylem das erste Unternehmen, das Produkte herstellt, verkauft, wartet und vermietet.<\/p>\n<p>&nbsp;<\/p>\n<p>Xylems Pumpen sind nicht nur \u201eTough\u201c, sondern auch smart, flexibel und nachhaltig. Das Highlight auf der Messe war die neue selbstansaugende Pumpe \u201eGodwin CD150S\u201c. Je nach Anforderung kann das Laufrad ausgetauscht werden, so kann die Pumpe f\u00fcr die Baustellenentw\u00e4sserung von Schmutzwasser und sogar f\u00fcr Abwasserumleitungsl\u00f6sungen mit selbst faserhaltigem Abwasser eingesetzt werden. Intelligent wird die Pumpe in Verbindung mit der Xylem Field Smart Technology. Die Godwin CD 150S kann von \u00fcberall gesteuert und \u00fcberwacht werden. Alles, was man dazu ben\u00f6tigt ist ein internetf\u00e4higes Endger\u00e4t. Die neue Godwin-Pumpe st\u00f6\u00dft 90 Prozent weniger Dieselemission\u00a0 aus (dank EU5-Motor) und verbraucht 15 Prozent weniger Kraftstoff \u2013 f\u00fcr mehr Nachhaltigkeit. Auch neu zur Bauma zeigte Xylem die Tauchmotorpumpe Flygt 2201 f\u00fcr den Einsatz im Bergbau und auf Baustellen. Die Pumpe ist so robust, dass selbst stark abrasive Medien gef\u00f6rdert werden \u2013 bis zu 140 Meter hoch.<\/p>\n<p>&nbsp;<\/p>\n<p>Mit einem gro\u00dfen Angebot an Mietpumpen und Dienstleistungen pr\u00e4sentierte sich der Xylem Mietservice \u201eXylem Rental Solutions\u201c. \u201eDie Bauma \u00f6ffnet uns T\u00fcren bei den Messebesuchern, denn aufgrund von Starkregenereignissen und Hochwasser steigt der Bedarf an Mietpumpen und Wasseraufbereitungsanlagen insbesondere in der Baubranche. Mit Europas gr\u00f6\u00dftem Mietpark in Bremen werden wir unsere Mieteinheit Xylem Rental Solutions auf ein neues Level bringen\u201c, sagte Falk Petersdorf, Regionaldirektor DACH bei Xylem Water Solutions.<\/p>\n<p>&nbsp;<\/p>\n<p>Mit 6.000 Produkten innerhalb Europas und weltweit 20.000 im Einsatz zeigt sich Xylem nicht nur als Wassertechnologie-Experte, sondern auch als leistungsf\u00e4higer Anbieter von Mietl\u00f6sungen. \u201eNeben dem breiten Mietangebot bieten wir auch individuelle L\u00f6sungen. Egal wie komplex ein Projekt oder Bauvorhaben ist, unser Team entwickelt Anlagen und Systeme auf Kundenwunsch\u201c, so Thomas Kluth, Manager Miete &amp; Service f\u00fcr die DACH-Region bei Xylem Water Solutions.<\/p>\n<p>&nbsp;<\/p>\n<p>Au\u00dferdem verfolgt Xylem eine ausgepr\u00e4gte Personalstrategie mit dem Ziel, Vielfalt zu f\u00f6rdern. Ein Baustein: Das weltweit operierende Unternehmen will Frauen in technischen Berufen f\u00f6rdern, insbesondere dort, wo Wasser und Abwasser eine Rolle spielen. Zu diesem Zweck veranstaltete Xylem am ersten Messetag einen Netzwerkabend f\u00fcr Frauen in der Baubranche. \u201eFrauen mehr in F\u00fchrungspositionen zu bringen und Vielfalt insgesamt zu f\u00f6rdern \u2013 das sind die Ziele von Xylem. Auch darum engagieren wir uns zum Beispiel bei der Arbeitgeberinitiative Charta der Vielfalt, die alle zu Xylem Deutschland geh\u00f6renden Unternehmen unterzeichnet haben\u201c, sagte Marlies Poppe, Marketingleiterin DACH f\u00fcr Xylem und Mitinitiatorin des Netzwerksabends.<\/p>\n<hr \/>\n<p>&nbsp;<\/p>\n<p style=\"text-align: center;\"><a href=\"http:\/\/www.pr-neu.de\/newsroom\/wordpress\/wp-content\/uploads\/2019\/04\/Bauma-XylemStand_G.jpg\" target=\"_blank\" rel=\"noopener\"><img loading=\"lazy\" decoding=\"async\" class=\"aligncenter wp-image-10242 size-medium\" src=\"http:\/\/www.pr-neu.de\/newsroom\/wordpress\/wp-content\/uploads\/2019\/04\/Bauma-XylemStand_G-300x225.jpg\" alt=\"\" width=\"300\" height=\"225\" srcset=\"https:\/\/www.pr-neu.de\/newsroom\/wordpress\/wp-content\/uploads\/2019\/04\/Bauma-XylemStand_G-300x225.jpg 300w, https:\/\/www.pr-neu.de\/newsroom\/wordpress\/wp-content\/uploads\/2019\/04\/Bauma-XylemStand_G-768x576.jpg 768w, https:\/\/www.pr-neu.de\/newsroom\/wordpress\/wp-content\/uploads\/2019\/04\/Bauma-XylemStand_G-1024x768.jpg 1024w, https:\/\/www.pr-neu.de\/newsroom\/wordpress\/wp-content\/uploads\/2019\/04\/Bauma-XylemStand_G-110x82.jpg 110w, https:\/\/www.pr-neu.de\/newsroom\/wordpress\/wp-content\/uploads\/2019\/04\/Bauma-XylemStand_G-420x315.jpg 420w, https:\/\/www.pr-neu.de\/newsroom\/wordpress\/wp-content\/uploads\/2019\/04\/Bauma-XylemStand_G-573x430.jpg 573w, https:\/\/www.pr-neu.de\/newsroom\/wordpress\/wp-content\/uploads\/2019\/04\/Bauma-XylemStand_G.jpg 1975w\" sizes=\"auto, (max-width: 300px) 100vw, 300px\" \/><\/a>Gut besucht: Auf dem Stand von Xylem informierten sich die Besucher \u00fcber die neue Godwin CD 150S, die Wasser-L\u00f6sungen von Xylem sowie den Miet-Service.<\/p>\n<p>&nbsp;<\/p>\n<p style=\"text-align: center;\"><a href=\"http:\/\/www.pr-neu.de\/newsroom\/wordpress\/wp-content\/uploads\/2019\/04\/Rental-Hub-Bremen_G.jpg\" target=\"_blank\" rel=\"noopener\"><img loading=\"lazy\" decoding=\"async\" class=\"aligncenter wp-image-10243 size-medium\" src=\"http:\/\/www.pr-neu.de\/newsroom\/wordpress\/wp-content\/uploads\/2019\/04\/Rental-Hub-Bremen_G-300x158.jpg\" alt=\"\" width=\"300\" height=\"158\" srcset=\"https:\/\/www.pr-neu.de\/newsroom\/wordpress\/wp-content\/uploads\/2019\/04\/Rental-Hub-Bremen_G-300x158.jpg 300w, https:\/\/www.pr-neu.de\/newsroom\/wordpress\/wp-content\/uploads\/2019\/04\/Rental-Hub-Bremen_G-768x405.jpg 768w, https:\/\/www.pr-neu.de\/newsroom\/wordpress\/wp-content\/uploads\/2019\/04\/Rental-Hub-Bremen_G-1024x540.jpg 1024w, https:\/\/www.pr-neu.de\/newsroom\/wordpress\/wp-content\/uploads\/2019\/04\/Rental-Hub-Bremen_G-110x58.jpg 110w, https:\/\/www.pr-neu.de\/newsroom\/wordpress\/wp-content\/uploads\/2019\/04\/Rental-Hub-Bremen_G-420x222.jpg 420w, https:\/\/www.pr-neu.de\/newsroom\/wordpress\/wp-content\/uploads\/2019\/04\/Rental-Hub-Bremen_G-770x406.jpg 770w, https:\/\/www.pr-neu.de\/newsroom\/wordpress\/wp-content\/uploads\/2019\/04\/Rental-Hub-Bremen_G.jpg 1975w\" sizes=\"auto, (max-width: 300px) 100vw, 300px\" \/><\/a>Der Mietpark in Bremen ist der gr\u00f6\u00dfte in Europa und bietet alle g\u00e4ngigen Pumpl\u00f6sungen von Xylem zur schnellen Unterst\u00fctzung oder f\u00fcr einen befristeten Einsatz.<\/p>\n<p>&nbsp;<\/p>\n<p><a href=\"http:\/\/www.pr-neu.de\/newsroom\/wordpress\/wp-content\/uploads\/2019\/04\/Xylem-Rental-Solutions-Onsite-Flygt-2800-BIBO-Pump_G.jpg\" target=\"_blank\" rel=\"noopener\"><img loading=\"lazy\" decoding=\"async\" class=\"aligncenter wp-image-10244 size-medium\" src=\"http:\/\/www.pr-neu.de\/newsroom\/wordpress\/wp-content\/uploads\/2019\/04\/Xylem-Rental-Solutions-Onsite-Flygt-2800-BIBO-Pump_G-300x206.jpg\" alt=\"\" width=\"300\" height=\"206\" srcset=\"https:\/\/www.pr-neu.de\/newsroom\/wordpress\/wp-content\/uploads\/2019\/04\/Xylem-Rental-Solutions-Onsite-Flygt-2800-BIBO-Pump_G-300x206.jpg 300w, https:\/\/www.pr-neu.de\/newsroom\/wordpress\/wp-content\/uploads\/2019\/04\/Xylem-Rental-Solutions-Onsite-Flygt-2800-BIBO-Pump_G-768x527.jpg 768w, https:\/\/www.pr-neu.de\/newsroom\/wordpress\/wp-content\/uploads\/2019\/04\/Xylem-Rental-Solutions-Onsite-Flygt-2800-BIBO-Pump_G-1024x703.jpg 1024w, https:\/\/www.pr-neu.de\/newsroom\/wordpress\/wp-content\/uploads\/2019\/04\/Xylem-Rental-Solutions-Onsite-Flygt-2800-BIBO-Pump_G-110x75.jpg 110w, https:\/\/www.pr-neu.de\/newsroom\/wordpress\/wp-content\/uploads\/2019\/04\/Xylem-Rental-Solutions-Onsite-Flygt-2800-BIBO-Pump_G-420x288.jpg 420w, https:\/\/www.pr-neu.de\/newsroom\/wordpress\/wp-content\/uploads\/2019\/04\/Xylem-Rental-Solutions-Onsite-Flygt-2800-BIBO-Pump_G-627x430.jpg 627w, https:\/\/www.pr-neu.de\/newsroom\/wordpress\/wp-content\/uploads\/2019\/04\/Xylem-Rental-Solutions-Onsite-Flygt-2800-BIBO-Pump_G.jpg 1975w\" sizes=\"auto, (max-width: 300px) 100vw, 300px\" \/><\/a><\/p>\n<p style=\"text-align: center;\">Die Flygt-Pumpen der BIBO-Reihe sind zum Beispiel \u00fcber den Mietservice erh\u00e4ltlich und entw\u00e4ssern schnell und zuverl\u00e4ssig \u2013 auch in Notlagen.<\/p>\n<p>&nbsp;<\/p>\n<p><a href=\"http:\/\/www.pr-neu.de\/newsroom\/wordpress\/wp-content\/uploads\/2019\/04\/Frauennetzwerk_Bauma_G.jpg\" target=\"_blank\" rel=\"noopener\"><img loading=\"lazy\" decoding=\"async\" class=\"aligncenter wp-image-10245 size-medium\" src=\"http:\/\/www.pr-neu.de\/newsroom\/wordpress\/wp-content\/uploads\/2019\/04\/Frauennetzwerk_Bauma_G-300x122.jpg\" alt=\"\" width=\"300\" height=\"122\" srcset=\"https:\/\/www.pr-neu.de\/newsroom\/wordpress\/wp-content\/uploads\/2019\/04\/Frauennetzwerk_Bauma_G-300x122.jpg 300w, https:\/\/www.pr-neu.de\/newsroom\/wordpress\/wp-content\/uploads\/2019\/04\/Frauennetzwerk_Bauma_G-768x313.jpg 768w, https:\/\/www.pr-neu.de\/newsroom\/wordpress\/wp-content\/uploads\/2019\/04\/Frauennetzwerk_Bauma_G-1024x418.jpg 1024w, https:\/\/www.pr-neu.de\/newsroom\/wordpress\/wp-content\/uploads\/2019\/04\/Frauennetzwerk_Bauma_G-110x45.jpg 110w, https:\/\/www.pr-neu.de\/newsroom\/wordpress\/wp-content\/uploads\/2019\/04\/Frauennetzwerk_Bauma_G-420x171.jpg 420w, https:\/\/www.pr-neu.de\/newsroom\/wordpress\/wp-content\/uploads\/2019\/04\/Frauennetzwerk_Bauma_G-770x314.jpg 770w, https:\/\/www.pr-neu.de\/newsroom\/wordpress\/wp-content\/uploads\/2019\/04\/Frauennetzwerk_Bauma_G.jpg 1975w\" sizes=\"auto, (max-width: 300px) 100vw, 300px\" \/><\/a><\/p>\n<p style=\"text-align: center;\">Auf dem Frauennetzwerk-Abend von Xylem tauschten sich erfahrene und angehende Expertinnen der Branche aus. Von Xylem erkl\u00e4rtes Ziel: Frauen in technischen Berufen f\u00f6rdern.<\/p>\n<p><strong>Alle Fotos: Xylem<\/strong><\/p>\n<p>&nbsp;<\/p>\n<hr \/>\n<p>&nbsp;<\/p>\n<p>Info- und Kontaktadresse:<\/p>\n<p>Xylem Water Solutions Deutschland GmbH<br \/>\nMarlies Poppe<br \/>\nBayernstr. 11<br \/>\n30855 Langenhagen<\/p>\n<p>Tel: 0511 7800-555<br \/>\nE-Mail: <a href=\"m&#97;&#x69;&#x6c;t&#111;&#58;&#x6d;&#x61;r&#108;&#x69;&#x65;s&#46;&#112;&#x6f;&#x70;p&#101;&#x40;&#x78;y&#108;&#101;&#x6d;&#x69;n&#99;&#x2e;&#x63;o&#109;\" target=\"_blank\" rel=\"noopener\">&#109;&#x61;r&#108;&#x69;&#101;&#x73;&#46;&#112;&#x6f;p&#x70;&#x65;&#64;&#x78;y&#108;&#x65;m&#x69;&#x6e;&#99;&#x2e;c&#111;&#x6d;<\/a><\/p>\n<p>Web: <a href=\"http:\/\/www.xylem.de\" target=\"_blank\" rel=\"noopener\">www.xylem.de<\/a><\/p>\n","protected":false},"excerpt":{"rendered":"<p>Mieteinheit Xylem Rental Solutions bekommt einen Superhub in Bremen, Europas gr\u00f6\u00dften Mietpark an Baupumpen, Entw\u00e4sserungsl\u00f6sungen und Wasseraufbereitungsanlagen. &nbsp; M\u00fcnchen, 15.04.2019 \u2013 \u201eLet\u2019s redefine tough\u201c lautete das Motto des Wassertechnologie-Unternehmens Xylem Water Solutions Deutschland auf der diesj\u00e4hrigen Bauma. Mit einem breiten Angebot an Entw\u00e4sserungsl\u00f6sungen und Baupumpen sowie der Neueinf\u00fchrung der Serie Godwin CD150S pr\u00e4sentierte Xylem L\u00f6sungen [&hellip;]<\/p>\n","protected":false},"author":6,"featured_media":10242,"comment_status":"closed","ping_status":"open","sticky":false,"template":"","format":"standard","meta":{"footnotes":""},"categories":[1520],"tags":[],"class_list":["post-10238","post","type-post","status-publish","format-standard","has-post-thumbnail","hentry","category-xylem"],"_links":{"self":[{"href":"https:\/\/www.pr-neu.de\/newsroom\/wp-json\/wp\/v2\/posts\/10238","targetHints":{"allow":["GET"]}}],"collection":[{"href":"https:\/\/www.pr-neu.de\/newsroom\/wp-json\/wp\/v2\/posts"}],"about":[{"href":"https:\/\/www.pr-neu.de\/newsroom\/wp-json\/wp\/v2\/types\/post"}],"author":[{"embeddable":true,"href":"https:\/\/www.pr-neu.de\/newsroom\/wp-json\/wp\/v2\/users\/6"}],"replies":[{"embeddable":true,"href":"https:\/\/www.pr-neu.de\/newsroom\/wp-json\/wp\/v2\/comments?post=10238"}],"version-history":[{"count":3,"href":"https:\/\/www.pr-neu.de\/newsroom\/wp-json\/wp\/v2\/posts\/10238\/revisions"}],"predecessor-version":[{"id":10250,"href":"https:\/\/www.pr-neu.de\/newsroom\/wp-json\/wp\/v2\/posts\/10238\/revisions\/10250"}],"wp:featuredmedia":[{"embeddable":true,"href":"https:\/\/www.pr-neu.de\/newsroom\/wp-json\/wp\/v2\/media\/10242"}],"wp:attachment":[{"href":"https:\/\/www.pr-neu.de\/newsroom\/wp-json\/wp\/v2\/media?parent=10238"}],"wp:term":[{"taxonomy":"category","embeddable":true,"href":"https:\/\/www.pr-neu.de\/newsroom\/wp-json\/wp\/v2\/categories?post=10238"},{"taxonomy":"post_tag","embeddable":true,"href":"https:\/\/www.pr-neu.de\/newsroom\/wp-json\/wp\/v2\/tags?post=10238"}],"curies":[{"name":"wp","href":"https:\/\/api.w.org\/{rel}","templated":true}]}}