{"id":10217,"date":"2019-04-02T11:11:50","date_gmt":"2019-04-02T09:11:50","guid":{"rendered":"http:\/\/www.pr-nord.de\/newsroom\/?p=10217"},"modified":"2020-05-19T08:38:39","modified_gmt":"2020-05-19T06:38:39","slug":"bublitz-40-jahre-bei-hanno","status":"publish","type":"post","link":"https:\/\/www.pr-neu.de\/newsroom\/bublitz-40-jahre-bei-hanno\/","title":{"rendered":"Bublitz: 40 Jahre bei Hanno"},"content":{"rendered":"<p><u>40-j\u00e4hriges Dienstjubil\u00e4um<\/u><\/p>\n<p>Frank Bublitz, Vertriebsleiter Industrie bei der Hanno Werk GmbH &amp; Co. KG, feierte jetzt sein 40. Dienstjubil\u00e4um. Er begann seine Laufbahn bei dem Hersteller f\u00fcr Dicht- und D\u00e4mmsysteme 1979 als Vertriebssachbearbeiter. Seit 1987 leitet er den Vertrieb der Industrie-Sparte \u2013 stets erfolgreich. \u201eR\u00fcckblickend ist die Zeit wirklich schnell vergangen\u201c, zieht Bublitz Bilanz. \u201eDazu beigetragen haben sicherlich das gute, kollegiale Arbeitsklima sowie die Tatsache, dass sich mein Aufgabengebiet immer weiterentwickelt hat und so interessant und herausfordernd blieb.\u201c<\/p>\n<hr \/>\n<p><strong>\u00a0<\/strong><\/p>\n<p><a href=\"http:\/\/www.pr-neu.de\/newsroom\/wordpress\/wp-content\/uploads\/2019\/04\/19-03_Jubilaeum_Bublitz_G.jpg\" target=\"_blank\" rel=\"noopener noreferrer\"><img loading=\"lazy\" decoding=\"async\" class=\"aligncenter wp-image-10218 size-medium\" src=\"http:\/\/www.pr-neu.de\/newsroom\/wordpress\/wp-content\/uploads\/2019\/04\/19-03_Jubilaeum_Bublitz_G-198x300.jpg\" alt=\"\" width=\"198\" height=\"300\" srcset=\"https:\/\/www.pr-neu.de\/newsroom\/wordpress\/wp-content\/uploads\/2019\/04\/19-03_Jubilaeum_Bublitz_G-198x300.jpg 198w, https:\/\/www.pr-neu.de\/newsroom\/wordpress\/wp-content\/uploads\/2019\/04\/19-03_Jubilaeum_Bublitz_G-768x1166.jpg 768w, https:\/\/www.pr-neu.de\/newsroom\/wordpress\/wp-content\/uploads\/2019\/04\/19-03_Jubilaeum_Bublitz_G-675x1024.jpg 675w, https:\/\/www.pr-neu.de\/newsroom\/wordpress\/wp-content\/uploads\/2019\/04\/19-03_Jubilaeum_Bublitz_G-72x110.jpg 72w, https:\/\/www.pr-neu.de\/newsroom\/wordpress\/wp-content\/uploads\/2019\/04\/19-03_Jubilaeum_Bublitz_G-277x420.jpg 277w, https:\/\/www.pr-neu.de\/newsroom\/wordpress\/wp-content\/uploads\/2019\/04\/19-03_Jubilaeum_Bublitz_G-283x430.jpg 283w, https:\/\/www.pr-neu.de\/newsroom\/wordpress\/wp-content\/uploads\/2019\/04\/19-03_Jubilaeum_Bublitz_G.jpg 1301w\" sizes=\"auto, (max-width: 198px) 100vw, 198px\" \/><\/a><\/p>\n<p style=\"text-align: center;\">Hanno-Gesch\u00e4ftsf\u00fchrer G\u00fcnter Krohn (r.) begl\u00fcckw\u00fcnschte Frank Bublitz zu seinem 40-j\u00e4hrigen Dienstjubil\u00e4um<em>.<\/em><\/p>\n<p style=\"text-align: center;\">Foto: Hanno Werk GmbH &amp; Co. KG<\/p>\n<hr \/>\n<p>Abdruck honorarfrei, Belegexemplar erbeten<\/p>\n","protected":false},"excerpt":{"rendered":"<p>40-j\u00e4hriges Dienstjubil\u00e4um Frank Bublitz, Vertriebsleiter Industrie bei der Hanno Werk GmbH &amp; Co. KG, feierte jetzt sein 40. Dienstjubil\u00e4um. Er begann seine Laufbahn bei dem Hersteller f\u00fcr Dicht- und D\u00e4mmsysteme 1979 als Vertriebssachbearbeiter. Seit 1987 leitet er den Vertrieb der Industrie-Sparte \u2013 stets erfolgreich. \u201eR\u00fcckblickend ist die Zeit wirklich schnell vergangen\u201c, zieht Bublitz Bilanz. \u201eDazu [&hellip;]<\/p>\n","protected":false},"author":8,"featured_media":10235,"comment_status":"closed","ping_status":"open","sticky":false,"template":"","format":"standard","meta":{"footnotes":""},"categories":[655],"tags":[],"class_list":["post-10217","post","type-post","status-publish","format-standard","has-post-thumbnail","hentry","category-hanno"],"_links":{"self":[{"href":"https:\/\/www.pr-neu.de\/newsroom\/wp-json\/wp\/v2\/posts\/10217","targetHints":{"allow":["GET"]}}],"collection":[{"href":"https:\/\/www.pr-neu.de\/newsroom\/wp-json\/wp\/v2\/posts"}],"about":[{"href":"https:\/\/www.pr-neu.de\/newsroom\/wp-json\/wp\/v2\/types\/post"}],"author":[{"embeddable":true,"href":"https:\/\/www.pr-neu.de\/newsroom\/wp-json\/wp\/v2\/users\/8"}],"replies":[{"embeddable":true,"href":"https:\/\/www.pr-neu.de\/newsroom\/wp-json\/wp\/v2\/comments?post=10217"}],"version-history":[{"count":4,"href":"https:\/\/www.pr-neu.de\/newsroom\/wp-json\/wp\/v2\/posts\/10217\/revisions"}],"predecessor-version":[{"id":11579,"href":"https:\/\/www.pr-neu.de\/newsroom\/wp-json\/wp\/v2\/posts\/10217\/revisions\/11579"}],"wp:featuredmedia":[{"embeddable":true,"href":"https:\/\/www.pr-neu.de\/newsroom\/wp-json\/wp\/v2\/media\/10235"}],"wp:attachment":[{"href":"https:\/\/www.pr-neu.de\/newsroom\/wp-json\/wp\/v2\/media?parent=10217"}],"wp:term":[{"taxonomy":"category","embeddable":true,"href":"https:\/\/www.pr-neu.de\/newsroom\/wp-json\/wp\/v2\/categories?post=10217"},{"taxonomy":"post_tag","embeddable":true,"href":"https:\/\/www.pr-neu.de\/newsroom\/wp-json\/wp\/v2\/tags?post=10217"}],"curies":[{"name":"wp","href":"https:\/\/api.w.org\/{rel}","templated":true}]}}