{"id":10209,"date":"2019-04-01T14:19:17","date_gmt":"2019-04-01T12:19:17","guid":{"rendered":"http:\/\/www.pr-nord.de\/newsroom\/?p=10209"},"modified":"2020-05-18T15:16:27","modified_gmt":"2020-05-18T13:16:27","slug":"christiana-laux-wird-neue-vertriebsleiterin-bei-econtrol","status":"publish","type":"post","link":"https:\/\/www.pr-neu.de\/newsroom\/christiana-laux-wird-neue-vertriebsleiterin-bei-econtrol\/","title":{"rendered":"Christiana Laux wird neue Vertriebsleiterin bei EControl"},"content":{"rendered":"<p>Vertrieb bei EControl-Glas unter neuer Leitung<\/p>\n<p><strong>Im M\u00e4rz 2019 hat sich mit Manfred Dittmar der letzte der drei Unternehmensgr\u00fcnder aus der vordersten Reihe bei EControl-Glas (Plauen) zur\u00fcckgezogen: Er \u00fcbergab die Leitung des Vertriebs an Christiana Laux, bleibt aber weiterhin f\u00fcr strategische Aufgaben an Bord. EControl ist der f\u00fchrende europ\u00e4ische Hersteller f\u00fcr elektrochrom dimmbares Isolierglas.<\/strong><\/p>\n<p>\u201eNach dem gro\u00dfen Innovationsschub der Beschichtung in den 1980ern hat sich Isolierglas technisch nicht wesentlich weiterentwickelt. Die Forderungen nach Energieeffizienz, effektivem sommerlichem W\u00e4rmeschutz und variablem Lichteintrag k\u00f6nnen klassische Verglasungen nicht erf\u00fcllen \u2013 hierf\u00fcr braucht es dimmbare Verglasungen, die individuell an Tages- und Jahreszeiten angepasst werden k\u00f6nnen\u201c, sagte Manfred Dittmar bei der \u00dcbergabe. Verglasungen mit variablen Werten sind ein Quantensprung, bei dem die Branche noch am Anfang stehe. Zudem fordere gerade die Digitalisierung eine intelligente Verglasung. Die neue Vertriebsleiterin Christiana Laux ist seit 2017 bei EControl-Glas und leitete bislang den Bereich Kundenservice. Die st\u00e4rkere Vernetzung der Verglasung in Smart-Home-Systemen wird zuk\u00fcnftig vertriebsseitig ein wichtiges Thema sein. \u201eIch freue mich auf die neue Aufgabe. Wir haben ein spannendes Produkt und begeisterte Kunden. Es geht jetzt f\u00fcr uns verst\u00e4rkt darum, unser dimmbares Glas in digitalen Anwendungen zu sehen\u201c, sagte Laux. EControl-Gesch\u00e4ftsf\u00fchrer Tobias John erg\u00e4nzte: \u201eUnser Unternehmen ist personell stark aufgestellt und wir entwickeln gerade interessante L\u00f6sungsans\u00e4tze f\u00fcr den Fenstermarkt in Europa.\u201c<\/p>\n<hr \/>\n<p><a href=\"http:\/\/www.pr-neu.de\/newsroom\/wordpress\/wp-content\/uploads\/2019\/04\/19-01_mitarbeiter_G.jpg\" target=\"_blank\" rel=\"noopener noreferrer\"><img loading=\"lazy\" decoding=\"async\" class=\"wp-image-10212 size-medium aligncenter\" src=\"http:\/\/www.pr-neu.de\/newsroom\/wordpress\/wp-content\/uploads\/2019\/04\/19-01_mitarbeiter_G-300x200.jpg\" alt=\"\" width=\"300\" height=\"200\" srcset=\"https:\/\/www.pr-neu.de\/newsroom\/wordpress\/wp-content\/uploads\/2019\/04\/19-01_mitarbeiter_G-300x200.jpg 300w, https:\/\/www.pr-neu.de\/newsroom\/wordpress\/wp-content\/uploads\/2019\/04\/19-01_mitarbeiter_G-768x512.jpg 768w, https:\/\/www.pr-neu.de\/newsroom\/wordpress\/wp-content\/uploads\/2019\/04\/19-01_mitarbeiter_G-1024x683.jpg 1024w, https:\/\/www.pr-neu.de\/newsroom\/wordpress\/wp-content\/uploads\/2019\/04\/19-01_mitarbeiter_G-110x73.jpg 110w, https:\/\/www.pr-neu.de\/newsroom\/wordpress\/wp-content\/uploads\/2019\/04\/19-01_mitarbeiter_G-420x280.jpg 420w, https:\/\/www.pr-neu.de\/newsroom\/wordpress\/wp-content\/uploads\/2019\/04\/19-01_mitarbeiter_G-645x430.jpg 645w, https:\/\/www.pr-neu.de\/newsroom\/wordpress\/wp-content\/uploads\/2019\/04\/19-01_mitarbeiter_G.jpg 1975w\" sizes=\"auto, (max-width: 300px) 100vw, 300px\" \/><\/a><\/p>\n<p style=\"text-align: center;\">EControl-Glas Gesch\u00e4ftsf\u00fchrer Tobias John (2.v.l.) und die neue Vertriebsleiterin Christiana Laux (3.v.l.) wollen gemeinsam mit dem Vertriebsteam, bestehend aus Robert Lorenz, Daniela Saarschmidt, Nadine Witt, Thomas Groneick, Hans Hegewald und Madeleine Geipel (von links), aussichtsreiche M\u00e4rkte auf dem europ\u00e4ischen Fenstermarkt angehen.<\/p>\n<p style=\"text-align: center;\">Foto<strong>:<\/strong> EControl-Glas<\/p>\n<hr \/>\n<p><strong>R\u00fcckfragen beantwortet gern<\/strong><\/p>\n<p><strong>EControl-Glas<\/strong> GmbH &amp; Co. KG<br \/>\nThomas Groneick<br \/>\nTel.: + 49 0173 \/ 46 76 22 6<br \/>\nE-Mail: <a href=\"&#x6d;a&#x69;&#108;&#x74;&#x6f;:&#x76;&#101;&#x72;&#x74;r&#x69;&#101;&#x62;&#x40;e&#x63;&#111;&#x6e;&#x74;r&#x6f;&#108;&#x2d;&#x67;l&#x61;&#115;&#x2e;&#x64;e\">&#118;&#x65;r&#116;&#x72;i&#101;&#x62;&#64;&#x65;&#x63;&#111;&#x6e;t&#114;&#x6f;l&#45;&#x67;l&#x61;&#x73;&#46;&#x64;&#x65;<\/a><\/p>\n<p>Abdruck honorarfrei, Belegexemplar erbeten an<\/p>\n","protected":false},"excerpt":{"rendered":"<p>Vertrieb bei EControl-Glas unter neuer Leitung Im M\u00e4rz 2019 hat sich mit Manfred Dittmar der letzte der drei Unternehmensgr\u00fcnder aus der vordersten Reihe bei EControl-Glas (Plauen) zur\u00fcckgezogen: Er \u00fcbergab die Leitung des Vertriebs an Christiana Laux, bleibt aber weiterhin f\u00fcr strategische Aufgaben an Bord. EControl ist der f\u00fchrende europ\u00e4ische Hersteller f\u00fcr elektrochrom dimmbares Isolierglas. \u201eNach [&hellip;]<\/p>\n","protected":false},"author":6,"featured_media":10212,"comment_status":"closed","ping_status":"open","sticky":false,"template":"","format":"standard","meta":{"footnotes":""},"categories":[25],"tags":[],"class_list":["post-10209","post","type-post","status-publish","format-standard","has-post-thumbnail","hentry","category-econtrol"],"_links":{"self":[{"href":"https:\/\/www.pr-neu.de\/newsroom\/wp-json\/wp\/v2\/posts\/10209","targetHints":{"allow":["GET"]}}],"collection":[{"href":"https:\/\/www.pr-neu.de\/newsroom\/wp-json\/wp\/v2\/posts"}],"about":[{"href":"https:\/\/www.pr-neu.de\/newsroom\/wp-json\/wp\/v2\/types\/post"}],"author":[{"embeddable":true,"href":"https:\/\/www.pr-neu.de\/newsroom\/wp-json\/wp\/v2\/users\/6"}],"replies":[{"embeddable":true,"href":"https:\/\/www.pr-neu.de\/newsroom\/wp-json\/wp\/v2\/comments?post=10209"}],"version-history":[{"count":3,"href":"https:\/\/www.pr-neu.de\/newsroom\/wp-json\/wp\/v2\/posts\/10209\/revisions"}],"predecessor-version":[{"id":11527,"href":"https:\/\/www.pr-neu.de\/newsroom\/wp-json\/wp\/v2\/posts\/10209\/revisions\/11527"}],"wp:featuredmedia":[{"embeddable":true,"href":"https:\/\/www.pr-neu.de\/newsroom\/wp-json\/wp\/v2\/media\/10212"}],"wp:attachment":[{"href":"https:\/\/www.pr-neu.de\/newsroom\/wp-json\/wp\/v2\/media?parent=10209"}],"wp:term":[{"taxonomy":"category","embeddable":true,"href":"https:\/\/www.pr-neu.de\/newsroom\/wp-json\/wp\/v2\/categories?post=10209"},{"taxonomy":"post_tag","embeddable":true,"href":"https:\/\/www.pr-neu.de\/newsroom\/wp-json\/wp\/v2\/tags?post=10209"}],"curies":[{"name":"wp","href":"https:\/\/api.w.org\/{rel}","templated":true}]}}