{"id":10200,"date":"2019-04-01T11:59:51","date_gmt":"2019-04-01T09:59:51","guid":{"rendered":"http:\/\/www.pr-nord.de\/newsroom\/?p=10200"},"modified":"2020-05-18T14:30:20","modified_gmt":"2020-05-18T12:30:20","slug":"carteck-aktion-2019-auf-die-fachpartner-zugeschnitten","status":"publish","type":"post","link":"https:\/\/www.pr-neu.de\/newsroom\/carteck-aktion-2019-auf-die-fachpartner-zugeschnitten\/","title":{"rendered":"CarTeck-Aktion 2019: Auf die Fachpartner zugeschnitten"},"content":{"rendered":"<p>Teckentrup: Gemeinsames <u>Bauherren-Marketing f\u00fcr H\u00e4ndler und Metallbauer<\/u><\/p>\n<p><strong>Gemeinsam mehr erreichen: Teckentrup (Verl) baut seine erfolgreiche \u201eCarTeck Garagentor-Aktion\u201c weiter aus. Die Marketing-Pakete erleichtern Metallbauern und Baustoff-Fachh\u00e4ndlern den Dialog mit privaten Bauherren \u2013 mit verkaufsunterst\u00fctzenden Materialien wie individualisier\u00adbaren Flyern, Anzeigen-Vorlagen, Plakaten und Content f\u00fcr Webseiten. Dazu bietet der Hersteller das passende Tor-Angebot, zugeschnitten auf den privaten Bedarf: Ein CarTeck-Garagentor mit einem frei w\u00e4hlbaren Gratis Zubeh\u00f6r und optionaler Smart Home L\u00f6sung.<\/strong><\/p>\n<p>Seit vielen Jahren unterst\u00fctzt Teckentrup seine Fachpartner mit \u201eCarTeck-Aktionen\u201c im Gesch\u00e4ft mit privaten Bauherren. \u201eSeit dem Start haben wir das Angebot f\u00fcr unsere Partner immer wieder optimiert und den Anforderungen unserer Kunden angepasst\u201c, berichtet Marketingleiter Uwe G\u00f6tze, \u201ein diesem Jahr bieten wir unseren CarTeck Kunden z.B. erstmalig an, in das Aktions-Programm alternativ auch einen eigenen Antrieb aufzunehmen.\u201c<\/p>\n<p>Der erfolgreiche zentrale Ansatz bleibt wie bisher: Ab April werden die CarTeck-Sektionaltore in Standardgr\u00f6\u00dfen mit unverbindlicher Preisempfehlung angeboten \u2013 inklusive Antrieb, Handsender und in diesem Jahr zus\u00e4tzlich mit einem w\u00e4hlbaren kostenlosen Zubeh\u00f6r (exklusive Montage). Bauherren erhalten so ihr ganz individuelles Extra: Zweiter Handsender, Wandinnentaster, Lichtschranke oder Alarm\u00adbuzzer stehen zur Auswahl \u2013 und damit ein weiterer Paket-Vorteil im Wert von bis zu 81 Euro. Die Partnerbetriebe k\u00f6nnen zudem aus dem breiten Marketing-Paket die f\u00fcr sie passende Verkaufsunterst\u00fctzung w\u00e4hlen (s. Kasten).<\/p>\n<p>Flankierende Ma\u00dfnahmen des Herstellers \u2013 u. a. Anzeigen und PR-Artikel in Bauherren-Magazinen und aktives Suchmaschi\u00adnenmarketing, mit dem Endkundenanfragen f\u00fcr die Partner generiert werden \u2013 geben der Aktion zus\u00e4tzlichen Schub. Auch mit verschiedenen Online-Tools steht der Tor- und T\u00fcren-Hersteller Fachleuten im Verkauf zur Seite: Garagentore k\u00f6nnen schnell und einfach mit Hilfe von TEO \u2013 dem neuen Produktkonfigurator \u2013 geplant, kalkuliert und bestellt werden. Der Endkunde kann auf der Teckentrup Webseite mit dem \u201eCarTeck-Konfigurator\u201c sein Tor virtuell planen und wer ein Foto hochl\u00e4dt, erh\u00e4lt auch die Ansicht in der eigenen Garage.<\/p>\n<p>\u201eWir wollen mit unserer CarTeck-Aktion auch in diesem Jahr den Verkauf unserer H\u00e4ndler tatkr\u00e4ftig unterst\u00fctzen.\u201c erkl\u00e4rt Uwe G\u00f6tze. \u201eUnser \u201eRundum-Sorglos-Paket\u201c bestehend aus einem Qualit\u00e4tsprodukt mit attraktivem Preis, einer kostenlosen Zubeh\u00f6rbeigabe, einem individualisierbaren Marketingpaket und unseren eigenen Werbeaktivit\u00e4ten bietet unseren Partnern eine gute Basis, auf der sie ihre eigenen Aktivit\u00e4ten aufsetzen k\u00f6nnen.\u201c<\/p>\n<hr \/>\n<p><strong>CarTeck-Aktion 2019: Die Module<\/strong><\/p>\n<p><strong>Grundpaket<\/strong><\/p>\n<p><u>CarTeck-Garagentor<\/u> GSW 40 mit Mittelsicke, mit Antrieb CarTeck Drive 500 und einem 2-Kanal-Handsender sowie Zarge 2.0 f\u00fcr einfache Montage. Mehrere Standardgr\u00f6\u00dfen f\u00fcr Einzel- und Doppelgaragen.<\/p>\n<p>Lieferzeit: 2 Wochen<\/p>\n<p><u>Weitere Ausstattungen \/ Sonderfarben \/ Sondergr\u00f6\u00dfen<\/u> gem\u00e4\u00df Aktion, Lieferzeit 4 Wochen<\/p>\n<p><strong>Bonus f\u00fcr Endkunden, wahlweise:<\/strong><\/p>\n<ul>\n<li>Zus\u00e4tzlicher Handsender<\/li>\n<li>Lichtschranke<\/li>\n<li>Wandinnentaster<\/li>\n<li>Alarmbuzzer<\/li>\n<\/ul>\n<p><strong>Alternative f\u00fcr Partnerbetriebe<\/strong><\/p>\n<p>Einsatz eines anderen Antriebs (wird entsprechend verrechnet)<\/p>\n<p><strong>UVP f\u00fcr Endkunden: <\/strong>ab 949 Euro<\/p>\n<p><strong>Die Werbemittel <\/strong>(z.T. gegen Kostenbeteiligung)<strong>:<\/strong><\/p>\n<ul>\n<li>Vorgefertigtes Werbemittelbestellformular<\/li>\n<li>Roll-Ups, Plakate, Salesfolder, Zaunplane<\/li>\n<li>Onlinebanner<\/li>\n<li>Content f\u00fcr Homepage<\/li>\n<li>Individueller Aktionsflyer<\/li>\n<li>St\u00e4nder Paneel-Muster<\/li>\n<\/ul>\n<p><strong>Laufzeit: <\/strong>Bis Ende 2019<\/p>\n<p><strong>Kontakt<\/strong>: <a href=\"&#109;&#x61;&#x69;&#108;&#x74;&#x6f;&#58;&#x6d;&#x61;&#114;&#x6b;&#x65;&#116;&#x69;&#x6e;&#103;&#x40;&#x74;&#101;&#x63;&#x6b;&#101;&#x6e;&#x74;&#114;&#x75;&#x70;&#46;&#x62;&#x69;z\">m&#97;&#114;&#107;&#x65;&#x74;&#x69;ng&#64;&#116;&#x65;&#x63;&#x6b;&#x65;nt&#114;&#117;&#x70;&#x2e;&#x62;&#x69;z<\/a><\/p>\n<p>N\u00e4here Infos: <a href=\"https:\/\/www.teckentrup.biz\/produkte\/garagentore\/carteck-aktion\/\">https:\/\/www.teckentrup.biz\/produkte\/garagentore\/carteck-aktion\/<\/a><\/p>\n<hr \/>\n<p><a href=\"http:\/\/www.pr-neu.de\/newsroom\/wordpress\/wp-content\/uploads\/2019\/04\/19-09-CarTeck-Aktion_2019_G.jpg\" target=\"_blank\" rel=\"noopener noreferrer\"><img loading=\"lazy\" decoding=\"async\" class=\"aligncenter wp-image-10201\" src=\"http:\/\/www.pr-neu.de\/newsroom\/wordpress\/wp-content\/uploads\/2019\/04\/19-09-CarTeck-Aktion_2019_G-300x200.jpg\" alt=\"\" width=\"318\" height=\"212\" srcset=\"https:\/\/www.pr-neu.de\/newsroom\/wordpress\/wp-content\/uploads\/2019\/04\/19-09-CarTeck-Aktion_2019_G-300x200.jpg 300w, https:\/\/www.pr-neu.de\/newsroom\/wordpress\/wp-content\/uploads\/2019\/04\/19-09-CarTeck-Aktion_2019_G-768x512.jpg 768w, https:\/\/www.pr-neu.de\/newsroom\/wordpress\/wp-content\/uploads\/2019\/04\/19-09-CarTeck-Aktion_2019_G-1024x683.jpg 1024w, https:\/\/www.pr-neu.de\/newsroom\/wordpress\/wp-content\/uploads\/2019\/04\/19-09-CarTeck-Aktion_2019_G-110x73.jpg 110w, https:\/\/www.pr-neu.de\/newsroom\/wordpress\/wp-content\/uploads\/2019\/04\/19-09-CarTeck-Aktion_2019_G-420x280.jpg 420w, https:\/\/www.pr-neu.de\/newsroom\/wordpress\/wp-content\/uploads\/2019\/04\/19-09-CarTeck-Aktion_2019_G-645x430.jpg 645w, https:\/\/www.pr-neu.de\/newsroom\/wordpress\/wp-content\/uploads\/2019\/04\/19-09-CarTeck-Aktion_2019_G.jpg 1795w\" sizes=\"auto, (max-width: 318px) 100vw, 318px\" \/><\/a><\/p>\n<p style=\"text-align: center;\">F\u00fcr die CarTeck-Aktion hat Teckentrup ein umfangreiches Marketing-Paket zusammmengestellt.<\/p>\n<p style=\"text-align: center;\">Bild: Teckentrup<\/p>\n<hr \/>\n<p><strong>Teckentrup: Door Solutions<\/strong><\/p>\n<p>Teckentrup z\u00e4hlt mit den Produktionswerken in Verl-S\u00fcrenheide (Hauptsitz, NRW) und Gro\u00dfz\u00f6beritz (Sachsen-Anhalt) sowie seinen 900 Mitarbeitern zu den gr\u00f6\u00dften Herstellern von T\u00fcren und Toren in Europa.<\/p>\n<p>Das in dritter Generation inhabergef\u00fchrte mittelst\u00e4ndische Familien\u00adunternehmen hat sich insbesondere den Werten Qualit\u00e4t, Design und Service verpflichtet. St\u00e4ndige Verbesserungen der Produkte und die Entwicklung neuer Technologien sind f\u00fcr Teckentrup selbstverst\u00e4nd\u00adlich. F\u00fcr die kontinuierliche Weiterentwicklung wurde im gesamten Unternehmen eine kundenzentrierte Ausrichtung (Customer Centri\u00adcity) implementiert. So sorgt das Unternehmen daf\u00fcr, dass gemein\u00adsam mit den Partnern stets die beste L\u00f6sung gefunden wird \u2013 hinsichtlich Design, Sicherheit und Service. Das Angebot umfasst Produktl\u00f6sungen aus den Bereichen HOME (Garagentore), PROFESSIONAL (Funktionst\u00fcren), INDUSTRIAL (Industrietore).<\/p>\n<p>Heute verbindet das 1932 gegr\u00fcndete Unternehmen Tradition mit Fortschritt und das stets \u201emade in Germany\u201c. Zahlreiche internatio\u00adnale Zertifizierungen sind die Basis f\u00fcr einen weltweit erfolgreichen Vertrieb der Produkte. Gesellschaftliche Verantwortung \u00fcbernimmt Teckentrup unter anderem durch die Erf\u00fcllung der \u201eCharta der Vielfalt\u201c.<\/p>\n<p><strong>\u00a0<\/strong><\/p>\n<hr \/>\n<p>Abdruck honorarfrei, Belegexemplar erbeten an<\/p>\n","protected":false},"excerpt":{"rendered":"<p>Teckentrup: Gemeinsames Bauherren-Marketing f\u00fcr H\u00e4ndler und Metallbauer Gemeinsam mehr erreichen: Teckentrup (Verl) baut seine erfolgreiche \u201eCarTeck Garagentor-Aktion\u201c weiter aus. Die Marketing-Pakete erleichtern Metallbauern und Baustoff-Fachh\u00e4ndlern den Dialog mit privaten Bauherren \u2013 mit verkaufsunterst\u00fctzenden Materialien wie individualisier\u00adbaren Flyern, Anzeigen-Vorlagen, Plakaten und Content f\u00fcr Webseiten. Dazu bietet der Hersteller das passende Tor-Angebot, zugeschnitten auf den privaten Bedarf: [&hellip;]<\/p>\n","protected":false},"author":8,"featured_media":10201,"comment_status":"closed","ping_status":"open","sticky":false,"template":"","format":"standard","meta":{"footnotes":""},"categories":[18],"tags":[],"class_list":["post-10200","post","type-post","status-publish","format-standard","has-post-thumbnail","hentry","category-teckentrup"],"_links":{"self":[{"href":"https:\/\/www.pr-neu.de\/newsroom\/wp-json\/wp\/v2\/posts\/10200","targetHints":{"allow":["GET"]}}],"collection":[{"href":"https:\/\/www.pr-neu.de\/newsroom\/wp-json\/wp\/v2\/posts"}],"about":[{"href":"https:\/\/www.pr-neu.de\/newsroom\/wp-json\/wp\/v2\/types\/post"}],"author":[{"embeddable":true,"href":"https:\/\/www.pr-neu.de\/newsroom\/wp-json\/wp\/v2\/users\/8"}],"replies":[{"embeddable":true,"href":"https:\/\/www.pr-neu.de\/newsroom\/wp-json\/wp\/v2\/comments?post=10200"}],"version-history":[{"count":3,"href":"https:\/\/www.pr-neu.de\/newsroom\/wp-json\/wp\/v2\/posts\/10200\/revisions"}],"predecessor-version":[{"id":11430,"href":"https:\/\/www.pr-neu.de\/newsroom\/wp-json\/wp\/v2\/posts\/10200\/revisions\/11430"}],"wp:featuredmedia":[{"embeddable":true,"href":"https:\/\/www.pr-neu.de\/newsroom\/wp-json\/wp\/v2\/media\/10201"}],"wp:attachment":[{"href":"https:\/\/www.pr-neu.de\/newsroom\/wp-json\/wp\/v2\/media?parent=10200"}],"wp:term":[{"taxonomy":"category","embeddable":true,"href":"https:\/\/www.pr-neu.de\/newsroom\/wp-json\/wp\/v2\/categories?post=10200"},{"taxonomy":"post_tag","embeddable":true,"href":"https:\/\/www.pr-neu.de\/newsroom\/wp-json\/wp\/v2\/tags?post=10200"}],"curies":[{"name":"wp","href":"https:\/\/api.w.org\/{rel}","templated":true}]}}