{"id":10170,"date":"2019-03-22T11:16:01","date_gmt":"2019-03-22T10:16:01","guid":{"rendered":"http:\/\/www.pr-nord.de\/newsroom\/?p=10170"},"modified":"2020-05-19T08:39:00","modified_gmt":"2020-05-19T06:39:00","slug":"werksausbau-hanno-feiert-richtfest","status":"publish","type":"post","link":"https:\/\/www.pr-neu.de\/newsroom\/werksausbau-hanno-feiert-richtfest\/","title":{"rendered":"Werksausbau: Hanno feiert Richtfest"},"content":{"rendered":"<p>Dicht- und D\u00e4mmexperte Hanno investiert in 2019 5 Millionen Euro in seinen Standort Laatzen<\/p>\n<p><strong>Der Dicht- und D\u00e4mmexperte Hanno erweitert sein Werk in Laatzen bei Hannover: Insgesamt f\u00fcnf Millionen Euro investiert das Unternehmen in einen neuen Werksabschnitt. Der Bau geht z\u00fcgig voran, sodass am 22. M\u00e4rz 2019 bereits das Richtfest der neuen Produktionshalle gefeiert werden konnte. Mit dem Ausbau vergr\u00f6\u00dfert Hanno seine Produktionskapazit\u00e4ten und sichert so langfristig die Besch\u00e4ftigung am Standort.<\/strong><\/p>\n<p>Nachdem der Experte f\u00fcr Dicht- und D\u00e4mmsysteme bereits Anfang des Jahres eine neue Kleberfertigung in Betrieb nahm, folgt nun ein weiterer Ausbau der Produktionskapazit\u00e4ten auf dem Werksgel\u00e4nde in Laatzen. Bis zum Herbst 2019 entstehen am \u201eHanno-Ring\u201c eine neue Produktionshalle, ein Technikum f\u00fcr Anwendungstechnik, Forschung und Entwicklung sowie neue B\u00fcro- und Laborr\u00e4ume.<\/p>\n<p><strong>Zukunftsf\u00e4hige Produktion<\/strong><\/p>\n<p>Das Herzst\u00fcck der Werkserweiterung ist die neue rund 800 Quadratmeter gro\u00dfe Produktionshalle: Hier wird ab November eine hochmoderne, 45 Meter lange Impr\u00e4gnieranlage stehen, die Rohschaumrollen vollautomatisch zu impr\u00e4gnierten, selbstklebenden Fugenband-Gro\u00dfrollen verarbeitet. Hierdurch werden vor allem die Hanno-Kernkompetenzen \u2013 Kleberherstellung und Schaumstoff-Impr\u00e4gnierung \u2013 deutlich gest\u00e4rkt. Hanno-Gesch\u00e4ftsf\u00fchrer G\u00fcnter Krohn erl\u00e4utert: \u201eDie Investition in modernste Maschinentechnik garantiert, dass wir auch zuk\u00fcnftig bestens im Wettbewerbsumfeld aufgestellt sind. Mit dem Ausbau steigern wir unsere Produktionskapazit\u00e4t erheblich und bauen unsere Marktposition bei den Fugenb\u00e4ndern weiter aus. Zudem k\u00f6nnen wir viel flexibler auf k\u00fcnftige Marktanforderungen reagieren und unsere gewohnt hohe Serviceorientierung weiter optimieren.\u201c<\/p>\n<p><strong>Innovationszentrum mit Betriebslabor<\/strong><\/p>\n<p>Zudem entsteht mit dem Technikum auf einer Fl\u00e4che von rund 1.000 Quadratmetern ein modernes Innovationszentrum, das die Kompetenzen der Forschung und Entwicklung, die Anwendungstechnik sowie weitere Laborr\u00e4ume b\u00fcndelt. So wird es k\u00fcnftig etwa m\u00f6glich sein, gr\u00f6\u00dfere Schulungen mit einer engen Verzahnung von Theorie und Praxis durchzuf\u00fchren.<\/p>\n<p><strong>Energieeffizienz wird gro\u00dfgeschrieben<\/strong><\/p>\n<p>Viel Wert legt das Unternehmen auf die Energieeffizienz der neuen Geb\u00e4ude. Das B\u00fcrogeb\u00e4ude wird nach dem besonders umweltfreundlichen Baustandard KfW55 errichtet. Durch Ma\u00dfnahmen wie eine umfangreiche D\u00e4mmung, den Einbau einer Be- und Entl\u00fcftungsanlage mit W\u00e4rmer\u00fcckgewinnung oder den Einsatz von W\u00e4rmepumpe und Klima-Decken wird viel Energie gespart und die Umwelt geschont. Nicht zuletzt verwendet der Experte auch seine eigenen Fugenb\u00e4nder f\u00fcr die Fenster- und T\u00fcrenmontage. Insgesamt wird so rund 45 Prozent weniger Prim\u00e4renergie im Jahr ben\u00f6tigt als mit einem vergleichbaren Standard-Bau.<\/p>\n<p>\u201eDas Richtfest ist ein Meilenstein in einem breit angelegten Investitionsprogramm, das wir bereits 2018 mit den Gesellschaftern beschlossen und gestartet haben. Das Ziel ist es, den Firmenstandort deutlich zu st\u00e4rken und somit auch die Besch\u00e4ftigung langfristig zu sichern\u201c, erkl\u00e4rt Krohn.<\/p>\n<hr \/>\n<p style=\"text-align: center;\"><a href=\"http:\/\/www.pr-neu.de\/newsroom\/wordpress\/wp-content\/uploads\/2019\/03\/19-02_Werksausbau_Richtfest_01_G.jpg\" target=\"_blank\" rel=\"noopener noreferrer\"><img loading=\"lazy\" decoding=\"async\" class=\"aligncenter wp-image-10177 size-medium\" src=\"http:\/\/www.pr-neu.de\/newsroom\/wordpress\/wp-content\/uploads\/2019\/03\/19-02_Werksausbau_Richtfest_01_G-300x200.jpg\" alt=\"\" width=\"300\" height=\"200\" srcset=\"https:\/\/www.pr-neu.de\/newsroom\/wordpress\/wp-content\/uploads\/2019\/03\/19-02_Werksausbau_Richtfest_01_G-300x200.jpg 300w, https:\/\/www.pr-neu.de\/newsroom\/wordpress\/wp-content\/uploads\/2019\/03\/19-02_Werksausbau_Richtfest_01_G-768x512.jpg 768w, https:\/\/www.pr-neu.de\/newsroom\/wordpress\/wp-content\/uploads\/2019\/03\/19-02_Werksausbau_Richtfest_01_G-1024x683.jpg 1024w, https:\/\/www.pr-neu.de\/newsroom\/wordpress\/wp-content\/uploads\/2019\/03\/19-02_Werksausbau_Richtfest_01_G-110x73.jpg 110w, https:\/\/www.pr-neu.de\/newsroom\/wordpress\/wp-content\/uploads\/2019\/03\/19-02_Werksausbau_Richtfest_01_G-420x280.jpg 420w, https:\/\/www.pr-neu.de\/newsroom\/wordpress\/wp-content\/uploads\/2019\/03\/19-02_Werksausbau_Richtfest_01_G-645x430.jpg 645w, https:\/\/www.pr-neu.de\/newsroom\/wordpress\/wp-content\/uploads\/2019\/03\/19-02_Werksausbau_Richtfest_01_G.jpg 1975w\" sizes=\"auto, (max-width: 300px) 100vw, 300px\" \/><\/a><br \/>\nDer H\u00f6hepunkt des Richtfests: der traditionelle Richtspruch.<br \/>\nFoto: Hanno Werk GmbH &amp; Co. KG<\/p>\n<p style=\"text-align: center;\"><a href=\"http:\/\/www.pr-neu.de\/newsroom\/wordpress\/wp-content\/uploads\/2019\/03\/19-02_Werksausbau_Richtfest_02_G.jpg\" target=\"_blank\" rel=\"noopener noreferrer\"><img loading=\"lazy\" decoding=\"async\" class=\"aligncenter wp-image-10178 size-medium\" src=\"http:\/\/www.pr-neu.de\/newsroom\/wordpress\/wp-content\/uploads\/2019\/03\/19-02_Werksausbau_Richtfest_02_G-300x212.jpg\" alt=\"\" width=\"300\" height=\"212\" srcset=\"https:\/\/www.pr-neu.de\/newsroom\/wordpress\/wp-content\/uploads\/2019\/03\/19-02_Werksausbau_Richtfest_02_G-300x212.jpg 300w, https:\/\/www.pr-neu.de\/newsroom\/wordpress\/wp-content\/uploads\/2019\/03\/19-02_Werksausbau_Richtfest_02_G-768x542.jpg 768w, https:\/\/www.pr-neu.de\/newsroom\/wordpress\/wp-content\/uploads\/2019\/03\/19-02_Werksausbau_Richtfest_02_G-1024x723.jpg 1024w, https:\/\/www.pr-neu.de\/newsroom\/wordpress\/wp-content\/uploads\/2019\/03\/19-02_Werksausbau_Richtfest_02_G-110x78.jpg 110w, https:\/\/www.pr-neu.de\/newsroom\/wordpress\/wp-content\/uploads\/2019\/03\/19-02_Werksausbau_Richtfest_02_G-420x297.jpg 420w, https:\/\/www.pr-neu.de\/newsroom\/wordpress\/wp-content\/uploads\/2019\/03\/19-02_Werksausbau_Richtfest_02_G-609x430.jpg 609w, https:\/\/www.pr-neu.de\/newsroom\/wordpress\/wp-content\/uploads\/2019\/03\/19-02_Werksausbau_Richtfest_02_G.jpg 1840w\" sizes=\"auto, (max-width: 300px) 100vw, 300px\" \/><\/a><br \/>\nFeierten den Fortschritt des neuen Bauabschnitts:<br \/>\nV.l.n.r.: Simona Mieles (Betriebsratsvorsitzende), G\u00fcnter Krohn (Gesch\u00e4ftsf\u00fchrer), Dr. Andreas Hohlfeld (Leiter Forschung, Entwicklung und Qualit\u00e4t), Frank Peters (Leiter Produktion), Peter Assmann (Leiter Fertigungssteuerung und Logistik), Reinhard Vogelei (Leiter Technische Gro\u00dfprojekte), Hans B\u00f6vers (Architekt des neuen Bauabschnitts), Thomas Konrad (Kaufm\u00e4nnischer Leiter), Markus Fehrmann (Vertriebsleiter Bauprodukte), J\u00f6rg Schmidt (Stadt Laatzen, Wirtschaftsf\u00f6rderung)<br \/>\nFoto: Hanno Werk GmbH &amp; Co. KG<\/p>\n<hr \/>\n<p>Abdruck honorarfrei, Belegexemplar erbeten<\/p>\n","protected":false},"excerpt":{"rendered":"<p>Dicht- und D\u00e4mmexperte Hanno investiert in 2019 5 Millionen Euro in seinen Standort Laatzen Der Dicht- und D\u00e4mmexperte Hanno erweitert sein Werk in Laatzen bei Hannover: Insgesamt f\u00fcnf Millionen Euro investiert das Unternehmen in einen neuen Werksabschnitt. Der Bau geht z\u00fcgig voran, sodass am 22. M\u00e4rz 2019 bereits das Richtfest der neuen Produktionshalle gefeiert werden [&hellip;]<\/p>\n","protected":false},"author":6,"featured_media":10178,"comment_status":"closed","ping_status":"open","sticky":false,"template":"","format":"standard","meta":{"footnotes":""},"categories":[655],"tags":[],"class_list":["post-10170","post","type-post","status-publish","format-standard","has-post-thumbnail","hentry","category-hanno"],"_links":{"self":[{"href":"https:\/\/www.pr-neu.de\/newsroom\/wp-json\/wp\/v2\/posts\/10170","targetHints":{"allow":["GET"]}}],"collection":[{"href":"https:\/\/www.pr-neu.de\/newsroom\/wp-json\/wp\/v2\/posts"}],"about":[{"href":"https:\/\/www.pr-neu.de\/newsroom\/wp-json\/wp\/v2\/types\/post"}],"author":[{"embeddable":true,"href":"https:\/\/www.pr-neu.de\/newsroom\/wp-json\/wp\/v2\/users\/6"}],"replies":[{"embeddable":true,"href":"https:\/\/www.pr-neu.de\/newsroom\/wp-json\/wp\/v2\/comments?post=10170"}],"version-history":[{"count":4,"href":"https:\/\/www.pr-neu.de\/newsroom\/wp-json\/wp\/v2\/posts\/10170\/revisions"}],"predecessor-version":[{"id":11580,"href":"https:\/\/www.pr-neu.de\/newsroom\/wp-json\/wp\/v2\/posts\/10170\/revisions\/11580"}],"wp:featuredmedia":[{"embeddable":true,"href":"https:\/\/www.pr-neu.de\/newsroom\/wp-json\/wp\/v2\/media\/10178"}],"wp:attachment":[{"href":"https:\/\/www.pr-neu.de\/newsroom\/wp-json\/wp\/v2\/media?parent=10170"}],"wp:term":[{"taxonomy":"category","embeddable":true,"href":"https:\/\/www.pr-neu.de\/newsroom\/wp-json\/wp\/v2\/categories?post=10170"},{"taxonomy":"post_tag","embeddable":true,"href":"https:\/\/www.pr-neu.de\/newsroom\/wp-json\/wp\/v2\/tags?post=10170"}],"curies":[{"name":"wp","href":"https:\/\/api.w.org\/{rel}","templated":true}]}}