{"id":10156,"date":"2019-03-20T08:00:09","date_gmt":"2019-03-20T07:00:09","guid":{"rendered":"http:\/\/www.pr-nord.de\/newsroom\/?p=10156"},"modified":"2020-05-18T15:02:12","modified_gmt":"2020-05-18T13:02:12","slug":"wohlfuehlen-dank-innendaemmung","status":"publish","type":"post","link":"https:\/\/www.pr-neu.de\/newsroom\/wohlfuehlen-dank-innendaemmung\/","title":{"rendered":"Wohlf\u00fchlen dank Innend\u00e4mmung"},"content":{"rendered":"<p>Neu zur FAF 2019: S\u00fcdwest \u201eKlimaKomfort Therm-System\u201c zur Innend\u00e4mmung<\/p>\n<p><strong>Behagliche Wohnr\u00e4ume mit Wohlf\u00fchlklima \u2013 daf\u00fcr steht das \u201eKlimaKomfort-System\u201c von S\u00fcdwest. Nun hat der Experte sein System zur Schimmelsanierung um eine Produktlinie zur Innend\u00e4mmung erweitert. Das leistungsf\u00e4hige\u00a0 \u201eKlimaKomfort Therm-System\u201c sorgt f\u00fcr angenehme Temperaturen und bietet vom Kleber bis zur Schlussbeschichtung abgestimmte Systemkomponenten aus einer Hand.<\/strong><\/p>\n<p>Als zuverl\u00e4ssige und \u00f6kologische L\u00f6sung zur Schimmelsanierung hat sich das \u201eKlimaKomfort Schimmelsanierungs-System\u201c von S\u00fcdwest bew\u00e4hrt: Seine Platten aus dem nat\u00fcrlichen Rohstoff Perlit puffern Feuchtespitzen in der Raumluft und wirken so dem Wachstum von Schimmelpilzen entgegen.<\/p>\n<p><strong>\u201eKlimaKomfort Therm\u201c \u2013 leistungsstarke Innend\u00e4mmung<\/strong><\/p>\n<p>Nun hat der Hersteller das System um eine Produktlinie zur Innend\u00e4mmung erweitert: Aufgrund des sehr hohen D\u00e4mmwertes k\u00f6nnen so auch bei geringen Plattendicken sehr gute D\u00e4mmeigenschaften erreicht werden. Damit sorgt die \u201eKlimaKomfort Therm-Platte\u201c f\u00fcr angenehme Temperaturen und schnelleres Aufheizen der Wohnr\u00e4ume, tr\u00e4gt zur Senkung der Heizkosten bei und reduziert durch die h\u00f6here Oberfl\u00e4chentemperatur zugleich das Risiko der Tauwasserbildung. So verringert auch das \u201eKlimaKomfort Therm-System\u201c die Gefahr von Schimmelbildung. Als clevere System-L\u00f6sung f\u00fcr den Eck- und Deckenabschluss hat S\u00fcdwest zudem den \u201eKlimaKomfort Therm-Keil\u201c entwickelt. Wo Innenw\u00e4nde auf Au\u00dfenw\u00e4nde treffen, schlie\u00dft der Keil W\u00e4rmebr\u00fccken zuverl\u00e4ssig und sorgt f\u00fcr einen optisch gelungenen, ansatzlosen \u00dcbergang.<\/p>\n<p>Die Verarbeitung von Platte und Keil ist simpel: Sie werden sauber und sicher im Karton geliefert, sind druckstabil und bruchsicher und lassen sich einfach mit dem Cutter zuschneiden. Wie beim \u201eKlimaKomfort Schimmelsanierungs-System\u201c sind zudem auch die weiteren Komponenten des \u201eKlimaKomfort Therm-Systems\u201c ideal aufeinander abgestimmt. Verarbeiter erhalten vom Klebem\u00f6rtel bis zur passenden Schlussbeschichtung alle Produkte aus einer Hand.<\/p>\n<p>Die Bauwerkssanierung mit dem S\u00fcdwest-System bietet sich somit generell f\u00fcr schlecht ged\u00e4mmte Altbauten an. Bei denkmalgesch\u00fctzten Geb\u00e4uden sind sie ideal, um auch hier f\u00fcr einen zeitgem\u00e4\u00dfen W\u00e4rmeschutz zu sorgen.<\/p>\n<hr \/>\n<div class=\"mceTemp\"><\/div>\n<p><a href=\"http:\/\/www.pr-neu.de\/newsroom\/wordpress\/wp-content\/uploads\/2019\/03\/19-08-KlimaKomfort_Therm_01_G.jpg\" target=\"_blank\" rel=\"noopener noreferrer\"><img loading=\"lazy\" decoding=\"async\" class=\"aligncenter wp-image-10157 size-medium\" src=\"http:\/\/www.pr-neu.de\/newsroom\/wordpress\/wp-content\/uploads\/2019\/03\/19-08-KlimaKomfort_Therm_01_G-300x200.jpg\" alt=\"\" width=\"300\" height=\"200\" srcset=\"https:\/\/www.pr-neu.de\/newsroom\/wordpress\/wp-content\/uploads\/2019\/03\/19-08-KlimaKomfort_Therm_01_G-300x200.jpg 300w, https:\/\/www.pr-neu.de\/newsroom\/wordpress\/wp-content\/uploads\/2019\/03\/19-08-KlimaKomfort_Therm_01_G-768x512.jpg 768w, https:\/\/www.pr-neu.de\/newsroom\/wordpress\/wp-content\/uploads\/2019\/03\/19-08-KlimaKomfort_Therm_01_G-1024x683.jpg 1024w, https:\/\/www.pr-neu.de\/newsroom\/wordpress\/wp-content\/uploads\/2019\/03\/19-08-KlimaKomfort_Therm_01_G-110x73.jpg 110w, https:\/\/www.pr-neu.de\/newsroom\/wordpress\/wp-content\/uploads\/2019\/03\/19-08-KlimaKomfort_Therm_01_G-420x280.jpg 420w, https:\/\/www.pr-neu.de\/newsroom\/wordpress\/wp-content\/uploads\/2019\/03\/19-08-KlimaKomfort_Therm_01_G-645x430.jpg 645w, https:\/\/www.pr-neu.de\/newsroom\/wordpress\/wp-content\/uploads\/2019\/03\/19-08-KlimaKomfort_Therm_01_G.jpg 1807w\" sizes=\"auto, (max-width: 300px) 100vw, 300px\" \/><\/a><\/p>\n<p style=\"text-align: center;\">Das \u201eKlimaKomfort Therm-System\u201c aus D\u00e4mmplatte<br \/>\nund Keil sorgt f\u00fcr behagliche Wohnr\u00e4ume, tr\u00e4gt zur Senkung<br \/>\nvon Heizkosten bei und beugt Schimmel wirkungsvoll vor.<br \/>\nBild: S\u00fcdwest<\/p>\n<p><a href=\"http:\/\/www.pr-neu.de\/newsroom\/wordpress\/wp-content\/uploads\/2019\/03\/19-08-KlimaKomfort_Therm_02_G.jpg\" target=\"_blank\" rel=\"noopener noreferrer\"><img loading=\"lazy\" decoding=\"async\" class=\"aligncenter wp-image-10158 size-medium\" src=\"http:\/\/www.pr-neu.de\/newsroom\/wordpress\/wp-content\/uploads\/2019\/03\/19-08-KlimaKomfort_Therm_02_G-300x201.jpg\" alt=\"\" width=\"300\" height=\"201\" srcset=\"https:\/\/www.pr-neu.de\/newsroom\/wordpress\/wp-content\/uploads\/2019\/03\/19-08-KlimaKomfort_Therm_02_G-300x201.jpg 300w, https:\/\/www.pr-neu.de\/newsroom\/wordpress\/wp-content\/uploads\/2019\/03\/19-08-KlimaKomfort_Therm_02_G-768x516.jpg 768w, https:\/\/www.pr-neu.de\/newsroom\/wordpress\/wp-content\/uploads\/2019\/03\/19-08-KlimaKomfort_Therm_02_G-1024x687.jpg 1024w, https:\/\/www.pr-neu.de\/newsroom\/wordpress\/wp-content\/uploads\/2019\/03\/19-08-KlimaKomfort_Therm_02_G-110x74.jpg 110w, https:\/\/www.pr-neu.de\/newsroom\/wordpress\/wp-content\/uploads\/2019\/03\/19-08-KlimaKomfort_Therm_02_G-420x282.jpg 420w, https:\/\/www.pr-neu.de\/newsroom\/wordpress\/wp-content\/uploads\/2019\/03\/19-08-KlimaKomfort_Therm_02_G-641x430.jpg 641w, https:\/\/www.pr-neu.de\/newsroom\/wordpress\/wp-content\/uploads\/2019\/03\/19-08-KlimaKomfort_Therm_02_G.jpg 1795w\" sizes=\"auto, (max-width: 300px) 100vw, 300px\" \/><\/a><\/p>\n<p style=\"text-align: center;\">Das \u201eKlimaKomfort Therm-System\u201c aus D\u00e4mmplatte<br \/>\nund Keil sorgt f\u00fcr behagliche Wohnr\u00e4ume, tr\u00e4gt zur Senkung<br \/>\nvon Heizkosten bei und beugt Schimmel wirkungsvoll vor.<br \/>\nBild: S\u00fcdwest<\/p>\n<hr \/>\n<p>Abdruck honorarfrei, Belegexemplar erbeten<\/p>\n","protected":false},"excerpt":{"rendered":"<p>Neu zur FAF 2019: S\u00fcdwest \u201eKlimaKomfort Therm-System\u201c zur Innend\u00e4mmung Behagliche Wohnr\u00e4ume mit Wohlf\u00fchlklima \u2013 daf\u00fcr steht das \u201eKlimaKomfort-System\u201c von S\u00fcdwest. Nun hat der Experte sein System zur Schimmelsanierung um eine Produktlinie zur Innend\u00e4mmung erweitert. Das leistungsf\u00e4hige\u00a0 \u201eKlimaKomfort Therm-System\u201c sorgt f\u00fcr angenehme Temperaturen und bietet vom Kleber bis zur Schlussbeschichtung abgestimmte Systemkomponenten aus einer Hand. Als [&hellip;]<\/p>\n","protected":false},"author":8,"featured_media":10157,"comment_status":"closed","ping_status":"open","sticky":false,"template":"","format":"standard","meta":{"footnotes":""},"categories":[17],"tags":[],"class_list":["post-10156","post","type-post","status-publish","format-standard","has-post-thumbnail","hentry","category-sudwest"],"_links":{"self":[{"href":"https:\/\/www.pr-neu.de\/newsroom\/wp-json\/wp\/v2\/posts\/10156","targetHints":{"allow":["GET"]}}],"collection":[{"href":"https:\/\/www.pr-neu.de\/newsroom\/wp-json\/wp\/v2\/posts"}],"about":[{"href":"https:\/\/www.pr-neu.de\/newsroom\/wp-json\/wp\/v2\/types\/post"}],"author":[{"embeddable":true,"href":"https:\/\/www.pr-neu.de\/newsroom\/wp-json\/wp\/v2\/users\/8"}],"replies":[{"embeddable":true,"href":"https:\/\/www.pr-neu.de\/newsroom\/wp-json\/wp\/v2\/comments?post=10156"}],"version-history":[{"count":3,"href":"https:\/\/www.pr-neu.de\/newsroom\/wp-json\/wp\/v2\/posts\/10156\/revisions"}],"predecessor-version":[{"id":11491,"href":"https:\/\/www.pr-neu.de\/newsroom\/wp-json\/wp\/v2\/posts\/10156\/revisions\/11491"}],"wp:featuredmedia":[{"embeddable":true,"href":"https:\/\/www.pr-neu.de\/newsroom\/wp-json\/wp\/v2\/media\/10157"}],"wp:attachment":[{"href":"https:\/\/www.pr-neu.de\/newsroom\/wp-json\/wp\/v2\/media?parent=10156"}],"wp:term":[{"taxonomy":"category","embeddable":true,"href":"https:\/\/www.pr-neu.de\/newsroom\/wp-json\/wp\/v2\/categories?post=10156"},{"taxonomy":"post_tag","embeddable":true,"href":"https:\/\/www.pr-neu.de\/newsroom\/wp-json\/wp\/v2\/tags?post=10156"}],"curies":[{"name":"wp","href":"https:\/\/api.w.org\/{rel}","templated":true}]}}