{"id":10145,"date":"2019-03-20T08:00:02","date_gmt":"2019-03-20T07:00:02","guid":{"rendered":"http:\/\/www.pr-nord.de\/newsroom\/?p=10145"},"modified":"2020-05-18T15:04:11","modified_gmt":"2020-05-18T13:04:11","slug":"im-nu-zur-perfekten-oberflaeche","status":"publish","type":"post","link":"https:\/\/www.pr-neu.de\/newsroom\/im-nu-zur-perfekten-oberflaeche\/","title":{"rendered":"Im Nu zur perfekten Oberfl\u00e4che"},"content":{"rendered":"<p>Neu zur FAF: S\u00fcdwest AquaVision PU-Airless Lacke<\/p>\n<p><strong>Mit den neuen \u201eAquaVision PU-Airless\u201c-Lacken erweitert S\u00fcdwest (B\u00f6hl-Iggelheim) sein bew\u00e4hrtes PU-Lack-Sortiment jetzt um zwei Varianten f\u00fcr die Applikation im Airless-Verfahren. Damit ist es Profis m\u00f6glich, besonders effizient gro\u00dfe Fl\u00e4chen mit h\u00f6chster Deckkraft zu beschichten. Das System aus Vor- und Decklack ist f\u00fcr innen und au\u00dfen konzipiert und ideal aufeinander abgestimmt.<\/strong><\/p>\n<p>Die innovative PU-Hybrid-Technologie von S\u00fcdwest bew\u00e4hrt sich seit Jahren in der Praxis. Sie kombiniert verschiedene Bindemittel und verbindet so die Vorteile l\u00f6semittelhaltiger Lacke mit der Umweltfreundlichkeit von Lacken auf Wasserbasis. Die wasserbasierenden AquaVision-PU-Lacke demonstrieren den praktischen Nutzen: Sie zeichnen sich aus durch optisch einwandfreie, widerstandsf\u00e4hige Oberfl\u00e4chen, ihre schnelle Trocknung sowie ihre einfache Verarbeitung. Auf der FAF 2019 in K\u00f6ln pr\u00e4sentierte S\u00fcdwest jetzt zwei neue Lacke der PU-Hybrid-Generation f\u00fcr die Applikation im Airless-Verfahren.<\/p>\n<p>Mit dem optimal aufeinander abgestimmten System aus \u201eAquaVision PU-Airless Vorlack\u201c und dem Decklack \u201eAquaVision PU-Airless Lack Satin\u201c k\u00f6nnen Profis nun auch im Airless-Verfahren arbeiten \u2013 also besonders schnell und effizient, insbesondere auf gro\u00dfen Fl\u00e4chen. Dabei \u00fcberzeugen die Lacke wie gewohnt mit perfekten Oberfl\u00e4chen und erm\u00f6glichen im Vergleich zu Pinsel und Rolle hohe Schichtdicken bei gleichm\u00e4\u00dfigem Auftrag.<\/p>\n<p>Auch die neuen spritzbaren Versionen trocknen schnell, sind blockfest und geruchsmild. Beide Lacke sind im Farbton wei\u00df erh\u00e4ltlich und werden im 5-Liter-Gebinde geliefert.<\/p>\n<hr \/>\n<p><em><a href=\"http:\/\/www.pr-neu.de\/newsroom\/wordpress\/wp-content\/uploads\/2019\/03\/19-07-AquaVision-Airless_01_G.jpg\" target=\"_blank\" rel=\"noopener noreferrer\"><img loading=\"lazy\" decoding=\"async\" class=\"aligncenter wp-image-10146 size-medium\" src=\"http:\/\/www.pr-neu.de\/newsroom\/wordpress\/wp-content\/uploads\/2019\/03\/19-07-AquaVision-Airless_01_G-300x201.jpg\" alt=\"\" width=\"300\" height=\"201\" srcset=\"https:\/\/www.pr-neu.de\/newsroom\/wordpress\/wp-content\/uploads\/2019\/03\/19-07-AquaVision-Airless_01_G-300x201.jpg 300w, https:\/\/www.pr-neu.de\/newsroom\/wordpress\/wp-content\/uploads\/2019\/03\/19-07-AquaVision-Airless_01_G-768x515.jpg 768w, https:\/\/www.pr-neu.de\/newsroom\/wordpress\/wp-content\/uploads\/2019\/03\/19-07-AquaVision-Airless_01_G-1024x687.jpg 1024w, https:\/\/www.pr-neu.de\/newsroom\/wordpress\/wp-content\/uploads\/2019\/03\/19-07-AquaVision-Airless_01_G-110x74.jpg 110w, https:\/\/www.pr-neu.de\/newsroom\/wordpress\/wp-content\/uploads\/2019\/03\/19-07-AquaVision-Airless_01_G-420x282.jpg 420w, https:\/\/www.pr-neu.de\/newsroom\/wordpress\/wp-content\/uploads\/2019\/03\/19-07-AquaVision-Airless_01_G-641x430.jpg 641w\" sizes=\"auto, (max-width: 300px) 100vw, 300px\" \/><\/a><\/em><\/p>\n<p style=\"text-align: center;\">Die beiden Systemkomponenten S\u00fcdwest AquaVision PU-Airless Vorlack<br \/>\nund Lack Satin sind optimal aufeinander abgestimmt. Sie erm\u00f6glichen die<br \/>\nbesonders effiziente Verarbeitung im Airless-Verfahren.<br \/>\nBild: S\u00fcdwest<\/p>\n<p><a href=\"http:\/\/www.pr-neu.de\/newsroom\/wordpress\/wp-content\/uploads\/2019\/03\/19-07-AquaVision-Airless_02_G.jpg\" target=\"_blank\" rel=\"noopener noreferrer\"><img loading=\"lazy\" decoding=\"async\" class=\"aligncenter wp-image-10148 size-medium\" src=\"http:\/\/www.pr-neu.de\/newsroom\/wordpress\/wp-content\/uploads\/2019\/03\/19-07-AquaVision-Airless_02_G-300x201.jpg\" alt=\"\" width=\"300\" height=\"201\" srcset=\"https:\/\/www.pr-neu.de\/newsroom\/wordpress\/wp-content\/uploads\/2019\/03\/19-07-AquaVision-Airless_02_G-300x201.jpg 300w, https:\/\/www.pr-neu.de\/newsroom\/wordpress\/wp-content\/uploads\/2019\/03\/19-07-AquaVision-Airless_02_G-768x516.jpg 768w, https:\/\/www.pr-neu.de\/newsroom\/wordpress\/wp-content\/uploads\/2019\/03\/19-07-AquaVision-Airless_02_G-1024x687.jpg 1024w, https:\/\/www.pr-neu.de\/newsroom\/wordpress\/wp-content\/uploads\/2019\/03\/19-07-AquaVision-Airless_02_G-110x74.jpg 110w, https:\/\/www.pr-neu.de\/newsroom\/wordpress\/wp-content\/uploads\/2019\/03\/19-07-AquaVision-Airless_02_G-420x282.jpg 420w, https:\/\/www.pr-neu.de\/newsroom\/wordpress\/wp-content\/uploads\/2019\/03\/19-07-AquaVision-Airless_02_G-641x430.jpg 641w, https:\/\/www.pr-neu.de\/newsroom\/wordpress\/wp-content\/uploads\/2019\/03\/19-07-AquaVision-Airless_02_G.jpg 1795w\" sizes=\"auto, (max-width: 300px) 100vw, 300px\" \/><\/a><\/p>\n<p style=\"text-align: center;\">Die beiden Systemkomponenten S\u00fcdwest AquaVision PU-Airless Vorlack<br \/>\nund Lack Satin sind optimal aufeinander abgestimmt. Sie erm\u00f6glichen die<br \/>\nbesonders effiziente Verarbeitung im Airless-Verfahren.<br \/>\nBild: S\u00fcdwest<\/p>\n<p><a href=\"http:\/\/www.pr-neu.de\/newsroom\/wordpress\/wp-content\/uploads\/2019\/03\/19-07-AquaVision-Airless_03_G.jpg\" target=\"_blank\" rel=\"noopener noreferrer\"><img loading=\"lazy\" decoding=\"async\" class=\"aligncenter wp-image-10149 size-medium\" src=\"http:\/\/www.pr-neu.de\/newsroom\/wordpress\/wp-content\/uploads\/2019\/03\/19-07-AquaVision-Airless_03_G-300x201.jpg\" alt=\"\" width=\"300\" height=\"201\" srcset=\"https:\/\/www.pr-neu.de\/newsroom\/wordpress\/wp-content\/uploads\/2019\/03\/19-07-AquaVision-Airless_03_G-300x201.jpg 300w, https:\/\/www.pr-neu.de\/newsroom\/wordpress\/wp-content\/uploads\/2019\/03\/19-07-AquaVision-Airless_03_G-768x516.jpg 768w, https:\/\/www.pr-neu.de\/newsroom\/wordpress\/wp-content\/uploads\/2019\/03\/19-07-AquaVision-Airless_03_G-1024x687.jpg 1024w, https:\/\/www.pr-neu.de\/newsroom\/wordpress\/wp-content\/uploads\/2019\/03\/19-07-AquaVision-Airless_03_G-110x74.jpg 110w, https:\/\/www.pr-neu.de\/newsroom\/wordpress\/wp-content\/uploads\/2019\/03\/19-07-AquaVision-Airless_03_G-420x282.jpg 420w, https:\/\/www.pr-neu.de\/newsroom\/wordpress\/wp-content\/uploads\/2019\/03\/19-07-AquaVision-Airless_03_G-641x430.jpg 641w, https:\/\/www.pr-neu.de\/newsroom\/wordpress\/wp-content\/uploads\/2019\/03\/19-07-AquaVision-Airless_03_G.jpg 1795w\" sizes=\"auto, (max-width: 300px) 100vw, 300px\" \/><\/a><\/p>\n<p style=\"text-align: center;\">Die beiden Systemkomponenten S\u00fcdwest AquaVision PU-Airless Vorlack<br \/>\nund Lack Satin sind optimal aufeinander abgestimmt. Sie erm\u00f6glichen die<br \/>\nbesonders effiziente Verarbeitung im Airless-Verfahren.<br \/>\nBild: S\u00fcdwest<\/p>\n<hr \/>\n<p>Abdruck honorarfrei, Belegexemplar erbeten<\/p>\n","protected":false},"excerpt":{"rendered":"<p>Neu zur FAF: S\u00fcdwest AquaVision PU-Airless Lacke Mit den neuen \u201eAquaVision PU-Airless\u201c-Lacken erweitert S\u00fcdwest (B\u00f6hl-Iggelheim) sein bew\u00e4hrtes PU-Lack-Sortiment jetzt um zwei Varianten f\u00fcr die Applikation im Airless-Verfahren. Damit ist es Profis m\u00f6glich, besonders effizient gro\u00dfe Fl\u00e4chen mit h\u00f6chster Deckkraft zu beschichten. Das System aus Vor- und Decklack ist f\u00fcr innen und au\u00dfen konzipiert und ideal [&hellip;]<\/p>\n","protected":false},"author":8,"featured_media":10147,"comment_status":"closed","ping_status":"open","sticky":false,"template":"","format":"standard","meta":{"footnotes":""},"categories":[17],"tags":[],"class_list":["post-10145","post","type-post","status-publish","format-standard","has-post-thumbnail","hentry","category-sudwest"],"_links":{"self":[{"href":"https:\/\/www.pr-neu.de\/newsroom\/wp-json\/wp\/v2\/posts\/10145","targetHints":{"allow":["GET"]}}],"collection":[{"href":"https:\/\/www.pr-neu.de\/newsroom\/wp-json\/wp\/v2\/posts"}],"about":[{"href":"https:\/\/www.pr-neu.de\/newsroom\/wp-json\/wp\/v2\/types\/post"}],"author":[{"embeddable":true,"href":"https:\/\/www.pr-neu.de\/newsroom\/wp-json\/wp\/v2\/users\/8"}],"replies":[{"embeddable":true,"href":"https:\/\/www.pr-neu.de\/newsroom\/wp-json\/wp\/v2\/comments?post=10145"}],"version-history":[{"count":5,"href":"https:\/\/www.pr-neu.de\/newsroom\/wp-json\/wp\/v2\/posts\/10145\/revisions"}],"predecessor-version":[{"id":11492,"href":"https:\/\/www.pr-neu.de\/newsroom\/wp-json\/wp\/v2\/posts\/10145\/revisions\/11492"}],"wp:featuredmedia":[{"embeddable":true,"href":"https:\/\/www.pr-neu.de\/newsroom\/wp-json\/wp\/v2\/media\/10147"}],"wp:attachment":[{"href":"https:\/\/www.pr-neu.de\/newsroom\/wp-json\/wp\/v2\/media?parent=10145"}],"wp:term":[{"taxonomy":"category","embeddable":true,"href":"https:\/\/www.pr-neu.de\/newsroom\/wp-json\/wp\/v2\/categories?post=10145"},{"taxonomy":"post_tag","embeddable":true,"href":"https:\/\/www.pr-neu.de\/newsroom\/wp-json\/wp\/v2\/tags?post=10145"}],"curies":[{"name":"wp","href":"https:\/\/api.w.org\/{rel}","templated":true}]}}