{"id":1007,"date":"2012-01-25T09:33:31","date_gmt":"2012-01-25T08:33:31","guid":{"rendered":"http:\/\/www.pr-nord.de\/newsroom\/?p=1007"},"modified":"2020-05-29T08:38:40","modified_gmt":"2020-05-29T06:38:40","slug":"energetisch-modernisiert-mit-sonnenbrille","status":"publish","type":"post","link":"https:\/\/www.pr-neu.de\/newsroom\/energetisch-modernisiert-mit-sonnenbrille\/","title":{"rendered":"Energetisch modernisiert mit &#8222;Sonnenbrille&#8220;"},"content":{"rendered":"<p><span style=\"text-decoration: underline;\"> Haus der Architekten, Stuttgart <\/span><\/p>\n<p>Anforderungen an die Modernisierung: Niedrige Klimatisierungskosten, blendfreier Ausblick, stets optimale Lichtverh\u00e4ltnisse<\/p>\n<p><strong>Das Haus der Architekten in Stuttgart ist ein Forum f\u00fcr Baukultur und Sitz der Architektenkammer Baden-W\u00fcrttemberg. Das verglaste Foyer wurde jetzt umfangreich modernisiert. Einzelne Scheiben waren im Randverbund undicht und tr\u00fcb geworden, Wasser drang ein. Die Verglasung entsprach ohnehin nicht mehr modernen energetischen Anspr\u00fcchen. Au\u00dferdem war der im Inneren angebrachte Blendschutz wartungsintensiv und behinderte die freie Durchsicht. Die komplexen Anforderungen an die Modernisierung: Klimatisierungskosten senken, Lichtverh\u00e4ltnisse verbessern, blendfreie Ausblicke ohne Verschattung. Der Bauherr entschied sich f\u00fcr elektrochromes Dreifach-Sonnenschutzglas der Firma EControl (Plauen). Es ist dimmbar und erm\u00f6glicht so das Variieren des g-Werts und der Lichtdurchl\u00e4ssigkeit je nach Sonneneinstrahlung. So entf\u00e4llt die au\u00dfenliegende Verschattung ebenso wie ein Blendschutz. <\/strong><\/p>\n<p>Das Haus der Architekten in Stuttgart liegt in exponierter Halbh\u00f6henlage und bietet einen au\u00dfergew\u00f6hnlichen Blick \u00fcber Stuttgart. Vor gut zwei Jahrzehnten erwarb der Eigent\u00fcmer, das Versorgungswerk der Architekten, ein Nachbargrundst\u00fcck hinzu und lobte einen Wettbewerb f\u00fcr den Neubau aus: Geplant und gebaut von Architekt Michael Weindel (Waldbronn), entstand das dreiteilige Ensemble aus Wohn-, Veranstaltungs- und Verwaltungsgeb\u00e4ude. Der runde Veranstaltungstrakt liegt als Sonderbauteil im Zentrum und schlie\u00dft transparent und filigran mit verglastem Foyer an das Verwaltungsgeb\u00e4ude an. So blieb der grandiose Durchblick auf die Stuttgarter Silhouette von der Danneckerstra\u00dfe her erhalten.<\/p>\n<p><strong>Undichtigkeiten und Wasser: Sanierung gefragt <\/strong><\/p>\n<p>Seit einiger Zeit traten bei einzelnen Scheiben Undichtigkeiten im Randverbund auf, die Scheiben wurden tr\u00fcb. Zus\u00e4tzlich fand immer wieder Wasser seinen Weg durch das verglaste Dach. Die Zweifach-Sonnenschutzverglasung entsprach nicht mehr den heutigen Anforderungen an die Klimatisierung des Foyers: Im Winter k\u00fchlte das Geb\u00e4ude aus, im Sommer wurde es zu hei\u00df. Der innen angebrachte Blendschutz war zudem wartungsintensiv und st\u00f6rte die freie Durchsicht.<\/p>\n<p>Das Architekturb\u00fcro Pauls (Stuttgart) erhielt den Auftrag, das verglaste Foyer zu modernisieren. Ziele: Architektur erhalten, Nutzerkomfort erh\u00f6hen, moderate Betriebskosten f\u00fcr die Klimatisierung. Ein \u00e4u\u00dferer Sonnenschutz schied ebenso aus wie der innere Blendschutz \u2013 der ungehinderte Ausblick sollte jederzeit m\u00f6glich sein. Herk\u00f6mmliches Sonnenschutzglas mit niedrigem aber auch fixem g-Wert wurde nicht in Betracht gezogen, da es an tr\u00fcben Tagen zu wenig Licht in die R\u00e4ume l\u00e4sst.<\/p>\n<p><strong>Intelligente L\u00f6sung: Dimmbarer Sonnenschutz <\/strong><\/p>\n<p>Unter Abw\u00e4gung der Parameter brachte der Architekt ein elektrochromes Sonnenschutzglas (EControl) in die Diskussion. Es erm\u00f6glicht durch dimmbare Scheiben das Justieren des g-Wertes und des Blendschutzes \u2013 angepasst an die tats\u00e4chliche Lichtintensit\u00e4t. \u201eScheint keine Sonne, bleibt das Glas maximal hell und transparent. Je intensiver sie scheint, desto dunkler wird es get\u00f6nt, bis zu einem tiefen Blau \u2013 \u00e4hnlich einer photochromen Skibrille\u201c, erl\u00e4utert Dipl.-Ing. Michael Pauls, freier Architekt und Inhaber des Architekturb\u00fcros. Photochrome Sonnenbrillen erm\u00f6glichen einen Verzicht auf einen zus\u00e4tzlichen Sonnenschutz f\u00fcr die Augen und bieten dar\u00fcber hinaus einen erm\u00fcdungsfreien Durchblick, der sich der Lichtintensit\u00e4t anpasst. Das dimmbare Sonnenschutzglas EControl \u00fcbertr\u00e4gt das Prinzip mit elektrochromer Technik auf die moderne Architektur. Als modernes Dreifach-Isolierglas isoliert EControl mit einem U<sub>g<\/sub>-Wert von 0,7 W\/(m<sup>2<\/sup>K) ausgezeichnet gegen Heizw\u00e4rmeverluste.<\/p>\n<p>Die gesamten Modernisierungsma\u00dfnahmen wurden \u2013 bei eingeschr\u00e4nktem Betrieb des Forums Haus der Architekten \u2013 im Sommer in nur zw\u00f6lf Wochen durch den Fassadenbauer Guttend\u00f6rfer (Ansbach) durchgef\u00fchrt und im Herbst 2011 abgeschlossen.<\/p>\n<p>Weitere Informationen im Internet unter <a href=\"http:\/\/www.econtrol-glas.de\">www.econtrol-glas.de<\/a>.<\/p>\n<hr noshade=\"noshade\" size=\"1\" \/>\n<table border=\"0\" width=\"90{ab9cb22b1639c68dfef7c1751c9d63405358944ce3964465eb35eb6b5b6beaaa}\" cellspacing=\"0\">\n<tbody>\n<tr>\n<td colspan=\"2\"><strong>Bautafel<\/strong><\/td>\n<\/tr>\n<tr>\n<td colspan=\"2\">Architektenkammer Baden-W\u00fcrttemberg, Stuttgart<\/td>\n<\/tr>\n<tr>\n<td><strong>Objektadresse: <\/strong><\/td>\n<td>Danneckerstra\u00dfe 54, 70182 Stuttgart<\/td>\n<\/tr>\n<tr>\n<td><strong>Bauherr:<\/strong><\/td>\n<td>Versorgungswerk der Architekten, Stuttgart<\/td>\n<\/tr>\n<tr>\n<td><strong>Architekt:<\/strong><\/td>\n<td>Dipl.-Ing. Michael Pauls, Stuttgart<\/td>\n<\/tr>\n<tr>\n<td><strong>Fassadenbauer: <\/strong><\/td>\n<td>Aug. Guttend\u00f6rfer GmbH &amp; Co. KG, Stahlstra\u00dfe 8, 91522 Ansbach<\/td>\n<\/tr>\n<tr>\n<td><strong>Glasprodukt:<\/strong><\/td>\n<td>EControl<\/td>\n<\/tr>\n<tr>\n<td><strong>Glashersteller: <\/strong><\/td>\n<td>EControl-Glas, Plauen<\/td>\n<\/tr>\n<\/tbody>\n<\/table>\n<hr noshade=\"noshade\" size=\"1\" \/>\n<table style=\"height: 1366px;\" border=\"0\" width=\"633\" cellspacing=\"0\" cellpadding=\"0\">\n<tbody>\n<tr>\n<td valign=\"top\" width=\"370\" height=\"200\"><a href=\"http:\/\/www.pr-neu.de\/newsroom\/wordpress\/wp-content\/uploads\/2012\/01\/11-06_Totale_G.jpg\"><img loading=\"lazy\" decoding=\"async\" class=\"size-medium wp-image-13278\" src=\"http:\/\/www.pr-neu.de\/newsroom\/wordpress\/wp-content\/uploads\/2012\/01\/11-06_Totale_G-300x201.jpg\" alt=\"\" width=\"300\" height=\"201\" srcset=\"https:\/\/www.pr-neu.de\/newsroom\/wordpress\/wp-content\/uploads\/2012\/01\/11-06_Totale_G-300x201.jpg 300w, https:\/\/www.pr-neu.de\/newsroom\/wordpress\/wp-content\/uploads\/2012\/01\/11-06_Totale_G-1024x687.jpg 1024w, https:\/\/www.pr-neu.de\/newsroom\/wordpress\/wp-content\/uploads\/2012\/01\/11-06_Totale_G-768x516.jpg 768w, https:\/\/www.pr-neu.de\/newsroom\/wordpress\/wp-content\/uploads\/2012\/01\/11-06_Totale_G-1536x1031.jpg 1536w, https:\/\/www.pr-neu.de\/newsroom\/wordpress\/wp-content\/uploads\/2012\/01\/11-06_Totale_G-110x74.jpg 110w, https:\/\/www.pr-neu.de\/newsroom\/wordpress\/wp-content\/uploads\/2012\/01\/11-06_Totale_G-420x282.jpg 420w, https:\/\/www.pr-neu.de\/newsroom\/wordpress\/wp-content\/uploads\/2012\/01\/11-06_Totale_G-641x430.jpg 641w, https:\/\/www.pr-neu.de\/newsroom\/wordpress\/wp-content\/uploads\/2012\/01\/11-06_Totale_G.jpg 1795w\" sizes=\"auto, (max-width: 300px) 100vw, 300px\" \/><\/a><\/td>\n<td>Das Haus der Architekten, Stuttgart: Transparentes Zentrum f\u00fcr Architektenkammer, Baufachleute und bauinteressierte B\u00fcrger.<\/p>\n<p>Foto: Dipl.-Ing. (FH) Thomas Treitz, Stuttgart<\/td>\n<\/tr>\n<tr>\n<td valign=\"top\" width=\"370\" height=\"200\"><a href=\"http:\/\/www.pr-neu.de\/newsroom\/wordpress\/wp-content\/uploads\/2012\/01\/11-06_Zentrum_G-1.jpg\"><img loading=\"lazy\" decoding=\"async\" class=\"size-medium wp-image-13279\" src=\"http:\/\/www.pr-neu.de\/newsroom\/wordpress\/wp-content\/uploads\/2012\/01\/11-06_Zentrum_G-1-300x201.jpg\" alt=\"\" width=\"300\" height=\"201\" srcset=\"https:\/\/www.pr-neu.de\/newsroom\/wordpress\/wp-content\/uploads\/2012\/01\/11-06_Zentrum_G-1-300x201.jpg 300w, https:\/\/www.pr-neu.de\/newsroom\/wordpress\/wp-content\/uploads\/2012\/01\/11-06_Zentrum_G-1-1024x687.jpg 1024w, https:\/\/www.pr-neu.de\/newsroom\/wordpress\/wp-content\/uploads\/2012\/01\/11-06_Zentrum_G-1-768x516.jpg 768w, https:\/\/www.pr-neu.de\/newsroom\/wordpress\/wp-content\/uploads\/2012\/01\/11-06_Zentrum_G-1-1536x1031.jpg 1536w, https:\/\/www.pr-neu.de\/newsroom\/wordpress\/wp-content\/uploads\/2012\/01\/11-06_Zentrum_G-1-110x74.jpg 110w, https:\/\/www.pr-neu.de\/newsroom\/wordpress\/wp-content\/uploads\/2012\/01\/11-06_Zentrum_G-1-420x282.jpg 420w, https:\/\/www.pr-neu.de\/newsroom\/wordpress\/wp-content\/uploads\/2012\/01\/11-06_Zentrum_G-1-641x430.jpg 641w, https:\/\/www.pr-neu.de\/newsroom\/wordpress\/wp-content\/uploads\/2012\/01\/11-06_Zentrum_G-1.jpg 1795w\" sizes=\"auto, (max-width: 300px) 100vw, 300px\" \/><\/a><\/td>\n<td>Das Zentrum des Geb\u00e4udes beherbergt die Veranstaltungsr\u00e4ume und wird umrahmt vom gl\u00e4sernen Foyer: Offenheit als Teil des philosophischen Konzepts findet sich in der Architektur wieder.<\/p>\n<p>Foto: Dipl.-Ing. Michael Pauls, Stuttgart<\/td>\n<\/tr>\n<tr>\n<td valign=\"top\" width=\"370\" height=\"200\"><a href=\"http:\/\/www.pr-neu.de\/newsroom\/wordpress\/wp-content\/uploads\/2012\/01\/11-06_Innen_G.jpg\"><img loading=\"lazy\" decoding=\"async\" class=\"size-medium wp-image-13280\" src=\"http:\/\/www.pr-neu.de\/newsroom\/wordpress\/wp-content\/uploads\/2012\/01\/11-06_Innen_G-201x300.jpg\" alt=\"\" width=\"201\" height=\"300\" srcset=\"https:\/\/www.pr-neu.de\/newsroom\/wordpress\/wp-content\/uploads\/2012\/01\/11-06_Innen_G-201x300.jpg 201w, https:\/\/www.pr-neu.de\/newsroom\/wordpress\/wp-content\/uploads\/2012\/01\/11-06_Innen_G-687x1024.jpg 687w, https:\/\/www.pr-neu.de\/newsroom\/wordpress\/wp-content\/uploads\/2012\/01\/11-06_Innen_G-768x1144.jpg 768w, https:\/\/www.pr-neu.de\/newsroom\/wordpress\/wp-content\/uploads\/2012\/01\/11-06_Innen_G-1031x1536.jpg 1031w, https:\/\/www.pr-neu.de\/newsroom\/wordpress\/wp-content\/uploads\/2012\/01\/11-06_Innen_G-74x110.jpg 74w, https:\/\/www.pr-neu.de\/newsroom\/wordpress\/wp-content\/uploads\/2012\/01\/11-06_Innen_G-282x420.jpg 282w, https:\/\/www.pr-neu.de\/newsroom\/wordpress\/wp-content\/uploads\/2012\/01\/11-06_Innen_G-289x430.jpg 289w, https:\/\/www.pr-neu.de\/newsroom\/wordpress\/wp-content\/uploads\/2012\/01\/11-06_Innen_G.jpg 1205w\" sizes=\"auto, (max-width: 201px) 100vw, 201px\" \/><\/a><\/td>\n<td>Das Innere des Foyers verbindet Innen und Au\u00dfen. Im Bild gut erkennbar: Die Dach- und Fassadenverglasung von EControl befinden sich in einem unterschiedlichen Dimmzustand.<\/p>\n<p>Foto: Dipl.-Ing. Michael Pauls, Stuttgart<\/td>\n<\/tr>\n<tr>\n<td valign=\"top\" width=\"370\" height=\"200\"><a href=\"http:\/\/www.pr-neu.de\/newsroom\/wordpress\/wp-content\/uploads\/2012\/01\/11-06_Ausblick_G.jpg\"><img loading=\"lazy\" decoding=\"async\" class=\"size-medium wp-image-13281\" src=\"http:\/\/www.pr-neu.de\/newsroom\/wordpress\/wp-content\/uploads\/2012\/01\/11-06_Ausblick_G-201x300.jpg\" alt=\"\" width=\"201\" height=\"300\" srcset=\"https:\/\/www.pr-neu.de\/newsroom\/wordpress\/wp-content\/uploads\/2012\/01\/11-06_Ausblick_G-201x300.jpg 201w, https:\/\/www.pr-neu.de\/newsroom\/wordpress\/wp-content\/uploads\/2012\/01\/11-06_Ausblick_G-687x1024.jpg 687w, https:\/\/www.pr-neu.de\/newsroom\/wordpress\/wp-content\/uploads\/2012\/01\/11-06_Ausblick_G-768x1144.jpg 768w, https:\/\/www.pr-neu.de\/newsroom\/wordpress\/wp-content\/uploads\/2012\/01\/11-06_Ausblick_G-1031x1536.jpg 1031w, https:\/\/www.pr-neu.de\/newsroom\/wordpress\/wp-content\/uploads\/2012\/01\/11-06_Ausblick_G-74x110.jpg 74w, https:\/\/www.pr-neu.de\/newsroom\/wordpress\/wp-content\/uploads\/2012\/01\/11-06_Ausblick_G-282x420.jpg 282w, https:\/\/www.pr-neu.de\/newsroom\/wordpress\/wp-content\/uploads\/2012\/01\/11-06_Ausblick_G-289x430.jpg 289w, https:\/\/www.pr-neu.de\/newsroom\/wordpress\/wp-content\/uploads\/2012\/01\/11-06_Ausblick_G.jpg 1205w\" sizes=\"auto, (max-width: 201px) 100vw, 201px\" \/><\/a><\/td>\n<td>Die exponierte Halbh\u00f6henlage des Geb\u00e4udes erm\u00f6glicht einen grandiosen Blick \u00fcber Stuttgart.<\/p>\n<p>Foto: Dipl.-Ing. Michael Pauls, Stuttgart<\/td>\n<\/tr>\n<\/tbody>\n<\/table>\n<hr noshade=\"noshade\" size=\"1\" \/>\n<p>Abdruck honorarfrei, Belegexemplar erbeten<\/p>\n<p><strong>R\u00fcckfragen beantwortet gern<\/strong><\/p>\n<table width=\"532\">\n<tbody>\n<tr>\n<td valign=\"top\" width=\"260\" height=\"25\"><strong>EControl-Glas<\/strong> GmbH &amp; Co. KG<br \/>\nNadine Witt<br \/>\nTel.: +49(0)3741\/14820-116<br \/>\nFax: +49(0)3741\/14820-150<br \/>\nE-Mail: <a href=\"&#109;a&#105;l&#116;o&#x3a;p&#x72;e&#x73;s&#x65;&#64;&#x65;c&#x6f;n&#x74;r&#x6f;l&#x2d;g&#x6c;&#97;&#x73;&#46;&#x64;&#101;\">&#112;&#x72;e&#x73;&#x73;&#101;&#x40;e&#99;&#x6f;&#110;&#x74;r&#111;&#x6c;-&#x67;l&#97;&#x73;&#46;&#x64;&#x65;<\/a><\/td>\n<td colspan=\"3\" valign=\"top\" width=\"260\" height=\"21\"><\/td>\n<\/tr>\n<\/tbody>\n<\/table>\n","protected":false},"excerpt":{"rendered":"<p>Haus der Architekten, Stuttgart Anforderungen an die Modernisierung: Niedrige Klimatisierungskosten, blendfreier Ausblick, stets optimale Lichtverh\u00e4ltnisse Das Haus der Architekten in Stuttgart ist ein Forum f\u00fcr Baukultur und Sitz der Architektenkammer Baden-W\u00fcrttemberg. Das verglaste Foyer wurde jetzt umfangreich modernisiert. Einzelne Scheiben waren im Randverbund undicht und tr\u00fcb geworden, Wasser drang ein. Die Verglasung entsprach ohnehin nicht [&hellip;]<\/p>\n","protected":false},"author":6,"featured_media":7883,"comment_status":"closed","ping_status":"open","sticky":false,"template":"","format":"standard","meta":{"footnotes":""},"categories":[25,3],"tags":[89,147,230,252,492],"class_list":["post-1007","post","type-post","status-publish","format-standard","has-post-thumbnail","hentry","category-econtrol","category-kundenmeldungen","tag-blendschutz","tag-econtrol-2","tag-glas","tag-haus-der-architekten","tag-sonnenschutz"],"_links":{"self":[{"href":"https:\/\/www.pr-neu.de\/newsroom\/wp-json\/wp\/v2\/posts\/1007","targetHints":{"allow":["GET"]}}],"collection":[{"href":"https:\/\/www.pr-neu.de\/newsroom\/wp-json\/wp\/v2\/posts"}],"about":[{"href":"https:\/\/www.pr-neu.de\/newsroom\/wp-json\/wp\/v2\/types\/post"}],"author":[{"embeddable":true,"href":"https:\/\/www.pr-neu.de\/newsroom\/wp-json\/wp\/v2\/users\/6"}],"replies":[{"embeddable":true,"href":"https:\/\/www.pr-neu.de\/newsroom\/wp-json\/wp\/v2\/comments?post=1007"}],"version-history":[{"count":5,"href":"https:\/\/www.pr-neu.de\/newsroom\/wp-json\/wp\/v2\/posts\/1007\/revisions"}],"predecessor-version":[{"id":13282,"href":"https:\/\/www.pr-neu.de\/newsroom\/wp-json\/wp\/v2\/posts\/1007\/revisions\/13282"}],"wp:featuredmedia":[{"embeddable":true,"href":"https:\/\/www.pr-neu.de\/newsroom\/wp-json\/wp\/v2\/media\/7883"}],"wp:attachment":[{"href":"https:\/\/www.pr-neu.de\/newsroom\/wp-json\/wp\/v2\/media?parent=1007"}],"wp:term":[{"taxonomy":"category","embeddable":true,"href":"https:\/\/www.pr-neu.de\/newsroom\/wp-json\/wp\/v2\/categories?post=1007"},{"taxonomy":"post_tag","embeddable":true,"href":"https:\/\/www.pr-neu.de\/newsroom\/wp-json\/wp\/v2\/tags?post=1007"}],"curies":[{"name":"wp","href":"https:\/\/api.w.org\/{rel}","templated":true}]}}